{"id":9987,"date":"2011-12-15T14:57:41","date_gmt":"2011-12-15T13:57:41","guid":{"rendered":"https:\/\/mediarun.com\/index.php\/news-posts\/tvn-style-ma-nowego-dyrektora\/"},"modified":"2011-12-15T14:57:41","modified_gmt":"2011-12-15T13:57:41","slug":"tvn-style-ma-nowego-dyrektora","status":"publish","type":"post","link":"https:\/\/mediarun.com\/pl\/media\/tv\/tvn-style-ma-nowego-dyrektora.html","title":{"rendered":"TVN Style ma nowego dyrektora"},"content":{"rendered":"<p>Yvette \u017b&oacute;\u0142towska-Darska kierowa\u0142a stacj\u0105 od 2005 roku. Przez ostatnie miesi\u0105ce przebywa\u0142a na zwolnieniu lekarskim, a jej obowi\u0105zki pe\u0142ni\u0142a Joanna Tylman.<\/p>\n<p>Ma\u0142gorzata \u0141upina, kt&oacute;ra, 15 grudnia obj\u0119\u0142a funkcj\u0119 dyrektora kana\u0142u TVN Style zwi\u0105zana jest z Grup\u0105 TVN od 2002 roku. Pracowa\u0142a jako re\u017cyser oraz producent program&oacute;w takich jak m.in. &#8222;Misja Martyna&#8221;, &#8222;Superniania&#8221; czy &#8222;Kobieta na kra\u0144cu \u015bwiata&#8221;.<\/p>\n","protected":false},"excerpt":{"rendered":"Zmiana w kierownictwie TVN Style &#8211; Ma\u0142gorzata \u0141upina zast\u0105pi\u0142a Yvette \u017b&oacute;\u0142towsk\u0105-Darsk\u0105.","protected":false},"author":1,"featured_media":9988,"comment_status":"open","ping_status":"closed","sticky":false,"template":"","format":"standard","meta":{"csco_display_header_overlay":false,"csco_singular_sidebar":"","csco_page_header_type":"","csco_page_load_nextpost":"","csco_post_video_location":[],"csco_post_video_location_hash":"","csco_post_video_url":"","csco_post_video_bg_start_time":0,"csco_post_video_bg_end_time":0,"footnotes":""},"categories":[9670],"tags":[544],"class_list":{"0":"post-9987","1":"post","2":"type-post","3":"status-publish","4":"format-standard","5":"has-post-thumbnail","7":"category-tv","8":"tag-tvn-style","9":"cs-entry","10":"cs-video-wrap"},"_links":{"self":[{"href":"https:\/\/mediarun.com\/pl\/wp-json\/wp\/v2\/posts\/9987","targetHints":{"allow":["GET"]}}],"collection":[{"href":"https:\/\/mediarun.com\/pl\/wp-json\/wp\/v2\/posts"}],"about":[{"href":"https:\/\/mediarun.com\/pl\/wp-json\/wp\/v2\/types\/post"}],"author":[{"embeddable":true,"href":"https:\/\/mediarun.com\/pl\/wp-json\/wp\/v2\/users\/1"}],"replies":[{"embeddable":true,"href":"https:\/\/mediarun.com\/pl\/wp-json\/wp\/v2\/comments?post=9987"}],"version-history":[{"count":0,"href":"https:\/\/mediarun.com\/pl\/wp-json\/wp\/v2\/posts\/9987\/revisions"}],"wp:featuredmedia":[{"embeddable":true,"href":"https:\/\/mediarun.com\/pl\/wp-json\/wp\/v2\/media\/9988"}],"wp:attachment":[{"href":"https:\/\/mediarun.com\/pl\/wp-json\/wp\/v2\/media?parent=9987"}],"wp:term":[{"taxonomy":"category","embeddable":true,"href":"https:\/\/mediarun.com\/pl\/wp-json\/wp\/v2\/categories?post=9987"},{"taxonomy":"post_tag","embeddable":true,"href":"https:\/\/mediarun.com\/pl\/wp-json\/wp\/v2\/tags?post=9987"}],"curies":[{"name":"wp","href":"https:\/\/api.w.org\/{rel}","templated":true}]}}