{"id":9941,"date":"2011-12-18T20:06:12","date_gmt":"2011-12-18T19:06:12","guid":{"rendered":"https:\/\/mediarun.com\/index.php\/news-posts\/znamy-laureatow-zlotych-mikrofonow\/"},"modified":"2011-12-18T20:06:12","modified_gmt":"2011-12-18T19:06:12","slug":"znamy-laureatow-zlotych-mikrofonow","status":"publish","type":"post","link":"https:\/\/mediarun.com\/pl\/media\/radio\/znamy-laureatow-zlotych-mikrofonow.html","title":{"rendered":"Znamy laureat\u00f3w &#8222;Z\u0142otych Mikrofon\u00f3w&#8221;"},"content":{"rendered":"<p>Gal\u0119 u\u015bwietni\u0142 koncert Polskiej Orkiestry Radiowej, kt&oacute;ra wyst\u0105pi\u0142a pod dyrekcj\u0105 maestro Tadeusza Struga\u0142y.<\/p>\n<p>Na wniosek kapitu\u0142y &#8222;Z\u0142otego Mikrofonu&#8221;, obraduj\u0105cej pod przewodnictwem Janusza Kuku\u0142y, Zarz\u0105d Polskiego Radia nagrodzi\u0142 Z\u0142otymi Mikrofonami pi\u0119\u0107 os&oacute;b: Piotra Barona, Hann\u0119 Bogoryja Zakrzewsk\u0105, Ann\u0119 Stempniak-Ju\u015bkiewicz, Danut\u0119 Stenk\u0119 i Henryka Urbasia.<\/p>\n<p>Piotr Baron zosta\u0142 uhonorowany &#8222;za osobowo\u015b\u0107 radiow\u0105 i g\u0142os nierozerwalnie zwi\u0105zany z Programem 3 Polskiego Radia&#8221;. Hanna Bogoryja Zakrzewska, dziennikarka Studia Reporta\u017cu i Dokumentu Polskiego Radia, otrzyma\u0142a nagrod\u0119 &#8222;za wra\u017cliwo\u015b\u0107 i styl, kt&oacute;re pozwalaj\u0105 ods\u0142ania\u0107 najg\u0142\u0119bsze tajniki osobowo\u015bci bohater&oacute;w jej reporta\u017cy&#8221;.<\/p>\n<p>Ann\u0119 Stempniak-Ju\u015bkiewicz doceniono &#8222;za mi\u0142o\u015b\u0107 do literatury i sztuki oraz dba\u0142o\u015b\u0107 o miejsce kultury w Programie 1 Polskiego Rada&#8221;. Aktork\u0119 Danut\u0119 Stenk\u0119 nagrodzono &#8222;za wybitne role wykreowane w Teatrze Polskiego Radia&#8221;, a Henryka Urbasia &#8222;za traktowanie sportu jako cz\u0119\u015bci kultury narodowej oraz za piel\u0119gnowanie tradycji Redakcji Sportowej Polskiego Radia&#8221;.<\/p>\n<p>Ponadto Zarz\u0105d Polskiego Radia przyzna\u0142 &#8222;Honorowy Z\u0142oty Mikrofon&#8221; zespo\u0142owi autor&oacute;w i realizator&oacute;w powie\u015bci radiowej &#8222;Matysiakowie&#8221;: D\u017cennet Po\u0142torzyckiej-Stampf&#8217;l, Januszowi Adamowi Dziewi\u0105tkowskiemu, Stanis\u0142awie Grotowskiej, Waldemarowi Modestowiczowi, Ewie Sza\u0142kowskiej i Marii Chludzi\u0144skiej, &#8222;za wybitne osi\u0105gni\u0119cia artystyczne, wieloletni \u017cywy kontakt ze s\u0142uchaczami Polskiego Radia, a w szczeg&oacute;lno\u015bci za cenne inicjatywy uruchamiaj\u0105ce ogromn\u0105 aktywno\u015b\u0107 spo\u0142eczn\u0105&#8221;. Warto przypomnie\u0107, i\u017c 15 grudnia min\u0119\u0142o 55 lat od emisji pierwszego odcinka s\u0142uchowiska.<\/p>\n<p>Na zako\u0144czenie gali Andrzej Siezieniewski, Prezes Zarz\u0105du Polskiego Radia, wr\u0119czy\u0142 &#8222;Diamentow\u0105 Batut\u0119&#8221; maestro Tadeuszowi Strugale &#8222;za wybitne zas\u0142ugi dla polskiej i \u015bwiatowej kultury muzycznej, w uznaniu dla dzia\u0142alno\u015bci dyrygenckiej o szczeg&oacute;lnym znaczeniu dla polskiego \u017cycia muzycznego, a tak\u017ce dla uhonorowania zwi\u0105zk&oacute;w z Polskim Radiem&#8221;.<\/p>\n","protected":false},"excerpt":{"rendered":"W niedziel\u0119, 18 grudnia odby\u0142a si\u0119 uroczysto\u015b\u0107 wr\u0119czenia &#8222;Honorowych i Z\u0142otych Mikrofon&oacute;w 2011&#8221;, a tak\u017ce &#8222;Diamentowej Batuty&#8221;.","protected":false},"author":1,"featured_media":9942,"comment_status":"open","ping_status":"closed","sticky":false,"template":"","format":"standard","meta":{"csco_display_header_overlay":false,"csco_singular_sidebar":"","csco_page_header_type":"","csco_page_load_nextpost":"","csco_post_video_location":[],"csco_post_video_location_hash":"","csco_post_video_url":"","csco_post_video_bg_start_time":0,"csco_post_video_bg_end_time":0,"footnotes":""},"categories":[9672],"tags":[405],"class_list":{"0":"post-9941","1":"post","2":"type-post","3":"status-publish","4":"format-standard","5":"has-post-thumbnail","7":"category-radio","8":"tag-polskie-radio","9":"cs-entry","10":"cs-video-wrap"},"_links":{"self":[{"href":"https:\/\/mediarun.com\/pl\/wp-json\/wp\/v2\/posts\/9941","targetHints":{"allow":["GET"]}}],"collection":[{"href":"https:\/\/mediarun.com\/pl\/wp-json\/wp\/v2\/posts"}],"about":[{"href":"https:\/\/mediarun.com\/pl\/wp-json\/wp\/v2\/types\/post"}],"author":[{"embeddable":true,"href":"https:\/\/mediarun.com\/pl\/wp-json\/wp\/v2\/users\/1"}],"replies":[{"embeddable":true,"href":"https:\/\/mediarun.com\/pl\/wp-json\/wp\/v2\/comments?post=9941"}],"version-history":[{"count":0,"href":"https:\/\/mediarun.com\/pl\/wp-json\/wp\/v2\/posts\/9941\/revisions"}],"wp:featuredmedia":[{"embeddable":true,"href":"https:\/\/mediarun.com\/pl\/wp-json\/wp\/v2\/media\/9942"}],"wp:attachment":[{"href":"https:\/\/mediarun.com\/pl\/wp-json\/wp\/v2\/media?parent=9941"}],"wp:term":[{"taxonomy":"category","embeddable":true,"href":"https:\/\/mediarun.com\/pl\/wp-json\/wp\/v2\/categories?post=9941"},{"taxonomy":"post_tag","embeddable":true,"href":"https:\/\/mediarun.com\/pl\/wp-json\/wp\/v2\/tags?post=9941"}],"curies":[{"name":"wp","href":"https:\/\/api.w.org\/{rel}","templated":true}]}}