{"id":9901,"date":"2011-12-19T15:52:38","date_gmt":"2011-12-19T14:52:38","guid":{"rendered":"https:\/\/mediarun.com\/index.php\/news-posts\/ruszylo-nowe-pytanie-na-sniadanie\/"},"modified":"2011-12-19T15:52:38","modified_gmt":"2011-12-19T14:52:38","slug":"ruszylo-nowe-pytanie-na-sniadanie","status":"publish","type":"post","link":"https:\/\/mediarun.com\/pl\/media\/tv\/ruszylo-nowe-pytanie-na-sniadanie.html","title":{"rendered":"Ruszy\u0142o nowe &#8222;Pytanie na \u015bniadanie&#8221;"},"content":{"rendered":"<p>Telewidz&oacute;w wita nowy sygna\u0142 d\u017awi\u0119kowy autorstwa kompozytora, Jacka Perkowskiego, z \u0142atwo wpadaj\u0105cym w ucho pogodnym refrenem.<\/p>\n<p>Nowa scenografia utrzymana jest w konwencji wsp&oacute;\u0142czesnego loftu. Jej autork\u0105 jest Regina Wolnicka, kt&oacute;ra pracowa\u0142a pod okiem g\u0142&oacute;wnego scenografa TVP2, Rados\u0142awa D\u0119bniaka.<\/p>\n<p>Nowa czo\u0142&oacute;wka i oprawa graficzna zosta\u0142y wykonane przez Tomasza Sadurskiego, natomiast opiek\u0119 nad ca\u0142o\u015bci\u0105 sprawowa\u0142a re\u017cyserka Patrycja Matuszewska, kt&oacute;ra t\u0105 produkcj\u0105 rozpoczyna swoj\u0105 wsp&oacute;\u0142prac\u0119 z TVP.<\/p>\n<p>Do wszystkich sta\u0142ych element&oacute;w &#8222;Pytania na \u015bniadania&#8221;, skierowanych g\u0142ownie do kobiet, jak poradnictwo, aktualno\u015bci, informacje, profilaktyka, moda, uroda i styl, dodanych zostanie temat&oacute;w z dziedziny kultury i sztuki oraz zagadnie\u0144 spo\u0142ecznych. Program adresowany jest g\u0142&oacute;wnie do kobiet nowoczesnych, \u015bwiadomych i pragn\u0105cych si\u0119 rozwija\u0107, nie zaniedbuj\u0105c m\u0142odych i starszych przedstawicielek naszej widowni. Kulturalne Pi\u0105tki, czyli pi\u0105tkowe wydania &#8222;Pytania na \u015bniadanie&#8221; adresowane s\u0105 natomiast przede wszystkim do wielbicieli kultury i sztuki.<\/p>\n<p>Do sta\u0142ych prowadz\u0105cych, czyli Anny Popek, Micha\u0142a Olsza\u0144skiego, Beaty Sadowskiej, Wojciecha Jagielskiego, Marzeny Rogalskiej, \u0141ukasza Nowickiego, Agnieszki Szulim i Tomasza Kammela do\u0142\u0105czyli ostatnio nowi gospodarze wyda\u0144 pi\u0105tkowych: Gra\u017cyna Torbicka, Kazimiera Szczuka, Kamil D\u0105browa, Miko\u0142aj Lizut oraz para debiutuj\u0105cych w &#8222;Pytaniu na \u015bniadanie&#8221; dziennikarzy: Karolina Rogozi\u0144ska i Tomasz Tylicki.<\/p>\n","protected":false},"excerpt":{"rendered":"Od dzi\u015b w TVP2 mo\u017cna ogl\u0105da\u0107 &#8222;Pytanie na \u015bniadanie&#8221; w nowej ods\u0142onie.","protected":false},"author":1,"featured_media":9902,"comment_status":"open","ping_status":"closed","sticky":false,"template":"","format":"standard","meta":{"csco_display_header_overlay":false,"csco_singular_sidebar":"","csco_page_header_type":"","csco_page_load_nextpost":"","csco_post_video_location":[],"csco_post_video_location_hash":"","csco_post_video_url":"","csco_post_video_bg_start_time":0,"csco_post_video_bg_end_time":0,"footnotes":""},"categories":[9670],"tags":[610],"class_list":{"0":"post-9901","1":"post","2":"type-post","3":"status-publish","4":"format-standard","5":"has-post-thumbnail","7":"category-tv","8":"tag-tvp2","9":"cs-entry","10":"cs-video-wrap"},"_links":{"self":[{"href":"https:\/\/mediarun.com\/pl\/wp-json\/wp\/v2\/posts\/9901","targetHints":{"allow":["GET"]}}],"collection":[{"href":"https:\/\/mediarun.com\/pl\/wp-json\/wp\/v2\/posts"}],"about":[{"href":"https:\/\/mediarun.com\/pl\/wp-json\/wp\/v2\/types\/post"}],"author":[{"embeddable":true,"href":"https:\/\/mediarun.com\/pl\/wp-json\/wp\/v2\/users\/1"}],"replies":[{"embeddable":true,"href":"https:\/\/mediarun.com\/pl\/wp-json\/wp\/v2\/comments?post=9901"}],"version-history":[{"count":0,"href":"https:\/\/mediarun.com\/pl\/wp-json\/wp\/v2\/posts\/9901\/revisions"}],"wp:featuredmedia":[{"embeddable":true,"href":"https:\/\/mediarun.com\/pl\/wp-json\/wp\/v2\/media\/9902"}],"wp:attachment":[{"href":"https:\/\/mediarun.com\/pl\/wp-json\/wp\/v2\/media?parent=9901"}],"wp:term":[{"taxonomy":"category","embeddable":true,"href":"https:\/\/mediarun.com\/pl\/wp-json\/wp\/v2\/categories?post=9901"},{"taxonomy":"post_tag","embeddable":true,"href":"https:\/\/mediarun.com\/pl\/wp-json\/wp\/v2\/tags?post=9901"}],"curies":[{"name":"wp","href":"https:\/\/api.w.org\/{rel}","templated":true}]}}