{"id":9823,"date":"2011-12-21T16:21:15","date_gmt":"2011-12-21T15:21:15","guid":{"rendered":"https:\/\/mediarun.com\/index.php\/news-posts\/kolejny-erotyczny-kalendarz-od-media-markt\/"},"modified":"2011-12-21T16:21:15","modified_gmt":"2011-12-21T15:21:15","slug":"kolejny-erotyczny-kalendarz-od-media-markt","status":"publish","type":"post","link":"https:\/\/mediarun.com\/pl\/inne\/kolejny-erotyczny-kalendarz-od-media-markt.html","title":{"rendered":"Kolejny erotyczny kalendarz od Media Markt"},"content":{"rendered":"<p>&#8211; Media Markt po raz kolejny prezentuje zmys\u0142owy kalendarz, kt&oacute;ry podkre\u015bla niestandardowe my\u015blenie o produktach elektroniki u\u017cytkowej. Lubimy zaskakiwa\u0107 i prezentowa\u0107 oryginalne rozwi\u0105zania &#8211; nasz kalendarz jest tego najlepszym przyk\u0142adem &#8211; przekonuje Ewelina Pi\u0105tek, manager ds. marketingu Media Markt.<\/p>\n<p><a href=\"http:\/\/www2.mediarun.pl\/images\/2011\/12\/1324497792.jpg\" target=\"_blank\" rel=\"noopener\"><img fetchpriority=\"high\" decoding=\"async\" src=\"http:\/\/www2.mediarun.pl\/images\/2011\/12\/1324497791.jpg\" alt=\"\" width=\"390\" height=\"276\" title=\"\"><\/a><\/p>\n<p>Nak\u0142ad kalendarza jest limitowany (1500 egzemplarzy) i trafi tylko do najwa\u017cniejszych partner&oacute;w Media Markt. W sesji po raz pierwszy wykorzystano kolorowe zdj\u0119cia, kt&oacute;re zosta\u0142y wykonane w jednym z market&oacute;w sieci.<\/p>\n<p>Autorem zdj\u0119\u0107 jest Emil Bili\u0144ski &#8211; wychowany w Austrii fotografik, kt&oacute;ry mo\u017ce si\u0119 poszczyci\u0107 wsp&oacute;\u0142prac\u0105 m.in. z Anne Leibovitz, Dawidem LaChapelle i Peterem Lindberghiem. Kreacje przygotowa\u0142 wsp&oacute;\u0142pracuj\u0105cy z fotografem wiede\u0144ski stylista i projektant Nino B. Pavlek. Studio M5 zorganizowa\u0142o produkcj\u0119 sesji. Ca\u0142o\u015b\u0107 konceptu przygotowa\u0142a i opracowa\u0142a agencja Opus B.<\/p>\n<p><a href=\"http:\/\/www2.mediarun.pl\/images\/2011\/12\/1324497794.jpg\" target=\"_blank\" rel=\"noopener\"><img decoding=\"async\" src=\"http:\/\/www2.mediarun.pl\/images\/2011\/12\/1324497793.jpg\" alt=\"\" width=\"390\" height=\"277\" title=\"\"><\/a><\/p>\n","protected":false},"excerpt":{"rendered":"Sie\u0107 Media Markt po raz trzeci wyda\u0142a limitowany kalendarz prezentuj\u0105cy rozbierane zdj\u0119cia. Motywem przewodnim jest &#8222;Skok na niskie ceny&#8221;.","protected":false},"author":1,"featured_media":9824,"comment_status":"open","ping_status":"closed","sticky":false,"template":"","format":"standard","meta":{"csco_display_header_overlay":false,"csco_singular_sidebar":"","csco_page_header_type":"","csco_page_load_nextpost":"","csco_post_video_location":[],"csco_post_video_location_hash":"","csco_post_video_url":"","csco_post_video_bg_start_time":0,"csco_post_video_bg_end_time":0,"footnotes":""},"categories":[47],"tags":[736,735],"class_list":{"0":"post-9823","1":"post","2":"type-post","3":"status-publish","4":"format-standard","5":"has-post-thumbnail","7":"category-inne","8":"tag-media-markt","9":"tag-opus-b","10":"cs-entry","11":"cs-video-wrap"},"_links":{"self":[{"href":"https:\/\/mediarun.com\/pl\/wp-json\/wp\/v2\/posts\/9823","targetHints":{"allow":["GET"]}}],"collection":[{"href":"https:\/\/mediarun.com\/pl\/wp-json\/wp\/v2\/posts"}],"about":[{"href":"https:\/\/mediarun.com\/pl\/wp-json\/wp\/v2\/types\/post"}],"author":[{"embeddable":true,"href":"https:\/\/mediarun.com\/pl\/wp-json\/wp\/v2\/users\/1"}],"replies":[{"embeddable":true,"href":"https:\/\/mediarun.com\/pl\/wp-json\/wp\/v2\/comments?post=9823"}],"version-history":[{"count":0,"href":"https:\/\/mediarun.com\/pl\/wp-json\/wp\/v2\/posts\/9823\/revisions"}],"wp:featuredmedia":[{"embeddable":true,"href":"https:\/\/mediarun.com\/pl\/wp-json\/wp\/v2\/media\/9824"}],"wp:attachment":[{"href":"https:\/\/mediarun.com\/pl\/wp-json\/wp\/v2\/media?parent=9823"}],"wp:term":[{"taxonomy":"category","embeddable":true,"href":"https:\/\/mediarun.com\/pl\/wp-json\/wp\/v2\/categories?post=9823"},{"taxonomy":"post_tag","embeddable":true,"href":"https:\/\/mediarun.com\/pl\/wp-json\/wp\/v2\/tags?post=9823"}],"curies":[{"name":"wp","href":"https:\/\/api.w.org\/{rel}","templated":true}]}}