{"id":9791,"date":"2011-12-22T13:58:51","date_gmt":"2011-12-22T12:58:51","guid":{"rendered":"https:\/\/mediarun.com\/index.php\/news-posts\/nowe-pytanie-na-sniadanie-przegrywa-z-dzien-dobry-tvn\/"},"modified":"2011-12-22T13:58:51","modified_gmt":"2011-12-22T12:58:51","slug":"nowe-pytanie-na-sniadanie-przegrywa-z-dzien-dobry-tvn","status":"publish","type":"post","link":"https:\/\/mediarun.com\/pl\/media\/tv\/nowe-pytanie-na-sniadanie-przegrywa-z-dzien-dobry-tvn.html","title":{"rendered":"Nowe &#8222;Pytanie na \u015bniadanie&#8221; przegrywa z &#8222;Dzie\u0144 dobry TVN&#8221;"},"content":{"rendered":"<p><span>Odmieniony program przegrywa jednak z &#8222;Dzie\u0144 dobry TVN&#8221;.<\/span><\/p>\n<p>W poniedzia\u0142ek, 19 grudnia, TVP2 wyemitowa\u0142a pierwszy odcinek odmienionego programu &#8222;Pytanie na \u015bniadanie&#8221;. Przypomnijmy, \u017ce w programie zmieniono m.in. czo\u0142&oacute;wk\u0119, opraw\u0119 graficzn\u0105, scenografi\u0119. Dodatkowo do sta\u0142ych element&oacute;w programu dodano tak\u017ce tematy z dziedziny kultury i sztuki oraz zagadnienia spo\u0142eczne. Do sta\u0142ych prowadz\u0105cych do\u0142\u0105czy\u0142a tak\u017ce para debiutuj\u0105cych w &#8222;Pytaniu na \u015bniadanie&#8221; dziennikarzy: Karolina Rogozi\u0144ska i Tomasz Tylicki.<\/p>\n<p>Pierwsze trzy ods\u0142ony odmienionego &#8222;Pytania na \u015bniadanie&#8221; przyci\u0105gn\u0119\u0142y do TVP2 \u015brednio 528 tys. widz&oacute;w, kt&oacute;rzy stanowili 16,04 proc. widowni zasiadaj\u0105cej w tym czasie przed telewizorami w grupie 4+ (192 tys., 14,34 proc. w grupie komercyjnej).<\/p>\n<p>Emitowany w tym samym czasie program &#8222;Dzie\u0144 dobry TVN&#8221; mia\u0142 wi\u0119ksz\u0105 widowni\u0119. Odcinki, kt&oacute;re TVN wyemitowa\u0142 od poniedzia\u0142ku do \u015brody ogl\u0105da\u0142o \u015brednio 622 tys. os&oacute;b, co stanowi\u0142o 18,94 proc. udzia\u0142u w rynku w grupie 4+ (280 tys., 21 proc. w grupie komercyjnej).<\/p>\n<p>Od poniedzia\u0142ku do \u015brody TVN by\u0142 stacj\u0105 pierwszego wyboru w porannym pa\u015bmie &#8211; 622 tys., 18,94 proc. w grupie 4+ i 280 tys., 21,00 proc. w grupie komercyjnej. Tu\u017c za nim znalaz\u0142a si\u0119 Dw&oacute;jka &#8211; 520 tys., 15,74 proc. w grupie 4+, 188 tys., 13,98 proc. w grupie 16-49, a pierwsz\u0105 tr&oacute;jk\u0119 zamkn\u0105\u0142 Polsat 370 tys., 11,22 proc. udzia\u0142u w rynku w grupie 4+, 146 tys., 10,92 proc. w grupie komercyjnej. Najmniejsz\u0105 popularno\u015bci\u0105 w pa\u015bmie porannym cieszy\u0142a si\u0119 Jedynka, kt&oacute;ra przyci\u0105gn\u0119\u0142a przed odbiorniki 210 tys. widz&oacute;w stanowi\u0105cych 6,50 proc. udzia\u0142u w rynku w grupie 4+, 76 tys., 5,70 proc. w grupie 16-49.<\/p>\n","protected":false},"excerpt":{"rendered":"Od poniedzia\u0142ku, 19 grudnia w TVP2 mo\u017cna ogl\u0105da\u0107 &#8222;Pytanie na \u015bniadanie&#8221; w nowej ods\u0142onie.","protected":false},"author":1,"featured_media":9792,"comment_status":"open","ping_status":"closed","sticky":false,"template":"","format":"standard","meta":{"csco_display_header_overlay":false,"csco_singular_sidebar":"","csco_page_header_type":"","csco_page_load_nextpost":"","csco_post_video_location":[],"csco_post_video_location_hash":"","csco_post_video_url":"","csco_post_video_bg_start_time":0,"csco_post_video_bg_end_time":0,"footnotes":""},"categories":[9670],"tags":[1083,98,610],"class_list":{"0":"post-9791","1":"post","2":"type-post","3":"status-publish","4":"format-standard","5":"has-post-thumbnail","7":"category-tv","8":"tag-nielsen-audience-measurement","9":"tag-tvn","10":"tag-tvp2","11":"cs-entry","12":"cs-video-wrap"},"_links":{"self":[{"href":"https:\/\/mediarun.com\/pl\/wp-json\/wp\/v2\/posts\/9791","targetHints":{"allow":["GET"]}}],"collection":[{"href":"https:\/\/mediarun.com\/pl\/wp-json\/wp\/v2\/posts"}],"about":[{"href":"https:\/\/mediarun.com\/pl\/wp-json\/wp\/v2\/types\/post"}],"author":[{"embeddable":true,"href":"https:\/\/mediarun.com\/pl\/wp-json\/wp\/v2\/users\/1"}],"replies":[{"embeddable":true,"href":"https:\/\/mediarun.com\/pl\/wp-json\/wp\/v2\/comments?post=9791"}],"version-history":[{"count":0,"href":"https:\/\/mediarun.com\/pl\/wp-json\/wp\/v2\/posts\/9791\/revisions"}],"wp:featuredmedia":[{"embeddable":true,"href":"https:\/\/mediarun.com\/pl\/wp-json\/wp\/v2\/media\/9792"}],"wp:attachment":[{"href":"https:\/\/mediarun.com\/pl\/wp-json\/wp\/v2\/media?parent=9791"}],"wp:term":[{"taxonomy":"category","embeddable":true,"href":"https:\/\/mediarun.com\/pl\/wp-json\/wp\/v2\/categories?post=9791"},{"taxonomy":"post_tag","embeddable":true,"href":"https:\/\/mediarun.com\/pl\/wp-json\/wp\/v2\/tags?post=9791"}],"curies":[{"name":"wp","href":"https:\/\/api.w.org\/{rel}","templated":true}]}}