{"id":9775,"date":"2011-12-22T16:55:26","date_gmt":"2011-12-22T15:55:26","guid":{"rendered":"https:\/\/mediarun.com\/index.php\/news-posts\/tworca-super-expressu-w-radzie-nadzorczej-wprost\/"},"modified":"2011-12-22T16:55:26","modified_gmt":"2011-12-22T15:55:26","slug":"tworca-super-expressu-w-radzie-nadzorczej-wprost","status":"publish","type":"post","link":"https:\/\/mediarun.com\/pl\/media\/prasa\/tworca-super-expressu-w-radzie-nadzorczej-wprost.html","title":{"rendered":"Tw\u00f3rca Super Expressu w radzie nadzorczej Wprost"},"content":{"rendered":"<p><span>W sk\u0142ad rady wchodz\u0105 ponadto: przewodnicz\u0105cy Jaros\u0142aw Pachowski oraz Robert Pstroko\u0144ski i Jacek Sadowski.<\/span><\/p>\n<p>Grzegorz Lindenberg w 1989 r. znalaz\u0142 si\u0119 w gronie za\u0142o\u017cycieli Gazety Wyborczej jako dyrektor generalny wydawnictwa. Nast\u0119pnie by\u0142  tw&oacute;rc\u0105 Super Expressu, a od stycznia 1992 do wrze\u015bnia 1994 roku &#8211; pierwszym redaktorem naczelnym tego dziennika. Do 1997 r. &#8211; prezesem wydaj\u0105cej Super Express sp&oacute;\u0142ki ZPR &#8211; Express i walnie przyczyni\u0142 si\u0119 do rozwoju pisma, w tym m.in. zmian technologicznych i wprowadzenia koloru do dziennika.<\/p>\n<p>W latach 1996-1999 by\u0142 prezesem firmy wydaj\u0105cej miesi\u0119cznik Bussinessman Magazine. By\u0142 tw&oacute;rc\u0105 dw&oacute;ch firm internetowych: Supermedia oraz eCard. Od 1999 &#8211; konsultant wydawc&oacute;w prasowych. Od maja 2011 Lindenberg jest cz\u0142onkiem Zarz\u0105du Stowarzyszenia Europa Przysz\u0142o\u015bci, wydawcy portalu Euroislam.pl.<\/p>\n<p>Jest r&oacute;wnie\u017c redaktorem portalu o ksi\u0105\u017ckach www.czytanieszkodzi.pl oraz autorem zdj\u0119\u0107 w dw&oacute;ch ksi\u0105\u017ckach o W\u0142oszech. W latach 80. wyda\u0142 dwie publikacje ksi\u0105\u017ckowe.<\/p>\n<p>Grzegorz Lindenberg zast\u0105pi\u0142 w Radzie Nadzorczej AWR Piotra Misi\u0142\u0119.<\/p>\n","protected":false},"excerpt":{"rendered":"Grzegorz Lindenberg zosta\u0142 nowym cz\u0142onkiem Rady Nadzorczej AWR Wprost.&nbsp;","protected":false},"author":1,"featured_media":9776,"comment_status":"open","ping_status":"closed","sticky":false,"template":"","format":"standard","meta":{"csco_display_header_overlay":false,"csco_singular_sidebar":"","csco_page_header_type":"","csco_page_load_nextpost":"","csco_post_video_location":[],"csco_post_video_location_hash":"","csco_post_video_url":"","csco_post_video_bg_start_time":0,"csco_post_video_bg_end_time":0,"footnotes":""},"categories":[9673],"tags":[348],"class_list":{"0":"post-9775","1":"post","2":"type-post","3":"status-publish","4":"format-standard","5":"has-post-thumbnail","7":"category-prasa","8":"tag-wprost","9":"cs-entry","10":"cs-video-wrap"},"_links":{"self":[{"href":"https:\/\/mediarun.com\/pl\/wp-json\/wp\/v2\/posts\/9775","targetHints":{"allow":["GET"]}}],"collection":[{"href":"https:\/\/mediarun.com\/pl\/wp-json\/wp\/v2\/posts"}],"about":[{"href":"https:\/\/mediarun.com\/pl\/wp-json\/wp\/v2\/types\/post"}],"author":[{"embeddable":true,"href":"https:\/\/mediarun.com\/pl\/wp-json\/wp\/v2\/users\/1"}],"replies":[{"embeddable":true,"href":"https:\/\/mediarun.com\/pl\/wp-json\/wp\/v2\/comments?post=9775"}],"version-history":[{"count":0,"href":"https:\/\/mediarun.com\/pl\/wp-json\/wp\/v2\/posts\/9775\/revisions"}],"wp:featuredmedia":[{"embeddable":true,"href":"https:\/\/mediarun.com\/pl\/wp-json\/wp\/v2\/media\/9776"}],"wp:attachment":[{"href":"https:\/\/mediarun.com\/pl\/wp-json\/wp\/v2\/media?parent=9775"}],"wp:term":[{"taxonomy":"category","embeddable":true,"href":"https:\/\/mediarun.com\/pl\/wp-json\/wp\/v2\/categories?post=9775"},{"taxonomy":"post_tag","embeddable":true,"href":"https:\/\/mediarun.com\/pl\/wp-json\/wp\/v2\/tags?post=9775"}],"curies":[{"name":"wp","href":"https:\/\/api.w.org\/{rel}","templated":true}]}}