{"id":9769,"date":"2011-12-22T18:17:41","date_gmt":"2011-12-22T17:17:41","guid":{"rendered":"https:\/\/mediarun.com\/index.php\/news-posts\/radio-zet-pod-choinke\/"},"modified":"2011-12-22T18:17:41","modified_gmt":"2011-12-22T17:17:41","slug":"radio-zet-pod-choinke","status":"publish","type":"post","link":"https:\/\/mediarun.com\/pl\/media\/radio\/radio-zet-pod-choinke.html","title":{"rendered":"Radio Zet pod choink\u0119"},"content":{"rendered":"<p>Przez ca\u0142y przed\u015bwi\u0105teczny tydzie\u0144 s\u0142uchacze Radia Zet mog\u0105 wygra\u0107 \u017cywe choinki, wystarczy tylko uwa\u017cnie s\u0142ucha\u0107 programu. \u015awi\u0105teczn\u0105 atmosfer\u0119 zapewnia przez 24 godziny na dob\u0119 specjalny internetowy kana\u0142 muzyczny  &#8222;Zet na \u015bwi\u0119ta&#8221;. Dla internaut&oacute;w stacja przygotowa\u0142a r&oacute;wnie\u017c specjaln\u0105 podstron\u0119, z kt&oacute;rej mo\u017cna wysy\u0142a\u0107 wirtualne kartki z \u017cyczeniami \u015bwi\u0105tecznymi.<\/p>\n<p>Do 23 grudnia trwa akcja charytatywna Fundacji Radia Zet &#8222;Serce pod choink\u0119&#8221;.<\/p>\n<p>W wigili\u0119 s\u0142uchacze dowiedz\u0105 si\u0119 o zwyczajach \u015bwi\u0105tecznych panuj\u0105cych w domach prowadz\u0105cych i dziennikarzy Radia Zet w specjalnym wydaniu programu &#8222;Zet od kuchni&#8221;. Kolejne odcinki b\u0119d\u0105 nadawane co godzin\u0119 mi\u0119dzy 9.30 a 15.30. Od godziny 16.00 na antenie zagoszcz\u0105 kol\u0119dy, a wiadomo\u015bci powr&oacute;c\u0105 w niedzielny poranek.<\/p>\n<p>Od 26 grudnia do ko\u0144ca roku b\u0119dzie mo\u017cna wzi\u0105\u0107 udzia\u0142 plebiscycie na przeb&oacute;j 2011 roku. Pi\u0119\u0107dziesi\u0105t najlepszych, zdaniem s\u0142uchaczy Radia Zet, utwor&oacute;w mijaj\u0105cego roku b\u0119dzie mo\u017cna us\u0142ysze\u0107 1 stycznia 2012 roku mi\u0119dzy 14.00 a 19.00. Specjalny program poprowadzi Marcin Wojciechowski.<\/p>\n<p>Ju\u017c tradycyjnie 31 grudnia Radio Zet zaprasza s\u0142uchaczy na Plac Konstytucji w Warszawie, gdzie odb\u0119dzie si\u0119 impreza sylwestrowa organizowana przez Miasto Sto\u0142eczne Warszawa i Telewizj\u0119 Polsat. Koncert rozpocznie si\u0119 o godz. 20.00 i potrwa blisko 6 godzin. Na scenie wyst\u0105pi\u0105 m.in. Maryla Rodowicz, Kora, D\u017cem, De Mono, Golec uOrkiestra, Enej, Sylwia Grzeszczak i wiele innych gwiazd. Wywiady z artystami i ich przeboje mo\u017cna us\u0142ysze\u0107 ju\u017c teraz na antenie Radia Zet.<\/p>\n","protected":false},"excerpt":{"rendered":"Moc kol\u0119d, specjalne wydanie &#8222;Zet od kuchni&#8221;, plebiscyt na przeb&oacute;j roku i &#8222;Sylwestrowa moc przeboj&oacute;w&#8221; to propozycje Radia Zet na \u015bwi\u0119ta i sylwestra.","protected":false},"author":1,"featured_media":9770,"comment_status":"open","ping_status":"closed","sticky":false,"template":"","format":"standard","meta":{"csco_display_header_overlay":false,"csco_singular_sidebar":"","csco_page_header_type":"","csco_page_load_nextpost":"","csco_post_video_location":[],"csco_post_video_location_hash":"","csco_post_video_url":"","csco_post_video_bg_start_time":0,"csco_post_video_bg_end_time":0,"footnotes":""},"categories":[9672],"tags":[504],"class_list":{"0":"post-9769","1":"post","2":"type-post","3":"status-publish","4":"format-standard","5":"has-post-thumbnail","7":"category-radio","8":"tag-radio-zet","9":"cs-entry","10":"cs-video-wrap"},"_links":{"self":[{"href":"https:\/\/mediarun.com\/pl\/wp-json\/wp\/v2\/posts\/9769","targetHints":{"allow":["GET"]}}],"collection":[{"href":"https:\/\/mediarun.com\/pl\/wp-json\/wp\/v2\/posts"}],"about":[{"href":"https:\/\/mediarun.com\/pl\/wp-json\/wp\/v2\/types\/post"}],"author":[{"embeddable":true,"href":"https:\/\/mediarun.com\/pl\/wp-json\/wp\/v2\/users\/1"}],"replies":[{"embeddable":true,"href":"https:\/\/mediarun.com\/pl\/wp-json\/wp\/v2\/comments?post=9769"}],"version-history":[{"count":0,"href":"https:\/\/mediarun.com\/pl\/wp-json\/wp\/v2\/posts\/9769\/revisions"}],"wp:featuredmedia":[{"embeddable":true,"href":"https:\/\/mediarun.com\/pl\/wp-json\/wp\/v2\/media\/9770"}],"wp:attachment":[{"href":"https:\/\/mediarun.com\/pl\/wp-json\/wp\/v2\/media?parent=9769"}],"wp:term":[{"taxonomy":"category","embeddable":true,"href":"https:\/\/mediarun.com\/pl\/wp-json\/wp\/v2\/categories?post=9769"},{"taxonomy":"post_tag","embeddable":true,"href":"https:\/\/mediarun.com\/pl\/wp-json\/wp\/v2\/tags?post=9769"}],"curies":[{"name":"wp","href":"https:\/\/api.w.org\/{rel}","templated":true}]}}