{"id":9765,"date":"2011-12-22T18:43:05","date_gmt":"2011-12-22T17:43:05","guid":{"rendered":"https:\/\/mediarun.com\/index.php\/news-posts\/swiateczne-propozycje-radiostacji-agory\/"},"modified":"2011-12-22T18:43:05","modified_gmt":"2011-12-22T17:43:05","slug":"swiateczne-propozycje-radiostacji-agory","status":"publish","type":"post","link":"https:\/\/mediarun.com\/pl\/media\/radio\/swiateczne-propozycje-radiostacji-agory.html","title":{"rendered":"\u015awi\u0105teczne propozycje radiostacji Agory"},"content":{"rendered":"<p>W wigilijny wiecz&oacute;r, po godz. 16.00 na antenie b\u0119dzie mo\u017cna us\u0142ysze\u0107 najpi\u0119kniejsze polskie kol\u0119dy. W \u015bwi\u0105tecznej ram&oacute;wce <strong>Z\u0142otych Przeboj&oacute;w<\/strong> pojawi\u0105 si\u0119 dodatkowe wydania programu Marzeny Rogalskiej &#8222;Co mi powiesz jak Ci\u0119 z\u0142api\u0119&#8221;. Ich go\u015b\u0107mi b\u0119d\u0105: w wigili\u0119 24 grudnia &#8211; Bracia Golcowie, a 25 grudnia &#8211; Jolanta Kwa\u015bniewska.<\/p>\n<p>\u015awi\u0105teczn\u0105 opraw\u0119 b\u0119d\u0105 mia\u0142y r&oacute;wnie\u017c pozosta\u0142e programy autorskie stacji, a w jej playli\u015bcie pojawi\u0142a si\u0119 ju\u017c bo\u017conarodzeniowa piosenka pt. &#8222;Z\u0142ote \u015awi\u0119ta&#8221;. Za\u015bpiewa\u0142y j\u0105 gwiazdy muzyki polskiej i znane postacie z radia &#8211; kolejne zwrotki utworu wykonuj\u0105 m.in. Rafa\u0142 Kr&oacute;likowski, Marzena Rogalska, Zbigniew Zamachowski, Tomasz Kammel, Urszula, Piasek, Gienek Loska, Golec uOrkiestra, Justyna Steczkowska, Piotr Polk, Jarek Budnik i Monika Richardson oraz Andrzej Krzywy.<\/p>\n<p>W \u015bwi\u0105tecznej ram&oacute;wce<strong> Radia Tok FM<\/strong> znalaz\u0142y si\u0119 audycje na tematy bo\u017conarodzeniowe i nie tylko, kt&oacute;re poprowadz\u0105 m.in.: Cezary \u0141asiczka, Pawe\u0142 Sulik, Ewa Podolska i Maciej Jarz\u0105b. W drugi dzie\u0144 \u015awi\u0105t na antenie stacji b\u0119dzie mo\u017cna us\u0142ysze\u0107 najciekawsze reporta\u017ce z ca\u0142ego roku, m.in. nominowany do Grand Press reporta\u017c &#8222;Gor\u0105czka z\u0142ota w Be\u0142\u017ccu&#8221; Anny Gmiterek-Zab\u0142ockiej. Radio Tok FM przygotowa\u0142o r&oacute;wnie\u017c dla swoich s\u0142uchaczy specjaln\u0105 playlist\u0119 z ciekawymi aran\u017cacjami kol\u0119d i piosenek \u015bwi\u0105tecznych.<\/p>\n<p>Ram&oacute;wka <strong>Radia Roxy<\/strong> nie b\u0119dzie zmieniona, na antenie pojawi si\u0119 spokojniejsza muzyka.<\/p>\n","protected":false},"excerpt":{"rendered":"Na nadchodz\u0105ce \u015bwi\u0119ta Bo\u017cego Narodzenia Radio Z\u0142ote Przeboje przygotowa\u0142o dla swoich s\u0142uchaczy specjalne wydania program&oacute;w oraz piosenk\u0119 &#8222;Z\u0142ote \u015awi\u0119ta&#8221;.","protected":false},"author":1,"featured_media":9766,"comment_status":"open","ping_status":"closed","sticky":false,"template":"","format":"standard","meta":{"csco_display_header_overlay":false,"csco_singular_sidebar":"","csco_page_header_type":"","csco_page_load_nextpost":"","csco_post_video_location":[],"csco_post_video_location_hash":"","csco_post_video_url":"","csco_post_video_bg_start_time":0,"csco_post_video_bg_end_time":0,"footnotes":""},"categories":[9672],"tags":[214,503,612],"class_list":{"0":"post-9765","1":"post","2":"type-post","3":"status-publish","4":"format-standard","5":"has-post-thumbnail","7":"category-radio","8":"tag-agora","9":"tag-radio-zlote-przeboje","10":"tag-tok-fm","11":"cs-entry","12":"cs-video-wrap"},"_links":{"self":[{"href":"https:\/\/mediarun.com\/pl\/wp-json\/wp\/v2\/posts\/9765","targetHints":{"allow":["GET"]}}],"collection":[{"href":"https:\/\/mediarun.com\/pl\/wp-json\/wp\/v2\/posts"}],"about":[{"href":"https:\/\/mediarun.com\/pl\/wp-json\/wp\/v2\/types\/post"}],"author":[{"embeddable":true,"href":"https:\/\/mediarun.com\/pl\/wp-json\/wp\/v2\/users\/1"}],"replies":[{"embeddable":true,"href":"https:\/\/mediarun.com\/pl\/wp-json\/wp\/v2\/comments?post=9765"}],"version-history":[{"count":0,"href":"https:\/\/mediarun.com\/pl\/wp-json\/wp\/v2\/posts\/9765\/revisions"}],"wp:featuredmedia":[{"embeddable":true,"href":"https:\/\/mediarun.com\/pl\/wp-json\/wp\/v2\/media\/9766"}],"wp:attachment":[{"href":"https:\/\/mediarun.com\/pl\/wp-json\/wp\/v2\/media?parent=9765"}],"wp:term":[{"taxonomy":"category","embeddable":true,"href":"https:\/\/mediarun.com\/pl\/wp-json\/wp\/v2\/categories?post=9765"},{"taxonomy":"post_tag","embeddable":true,"href":"https:\/\/mediarun.com\/pl\/wp-json\/wp\/v2\/tags?post=9765"}],"curies":[{"name":"wp","href":"https:\/\/api.w.org\/{rel}","templated":true}]}}