{"id":9731,"date":"2011-12-26T21:46:18","date_gmt":"2011-12-26T20:46:18","guid":{"rendered":"https:\/\/mediarun.com\/index.php\/news-posts\/podsumowanie-roku-2011-radio\/"},"modified":"2011-12-26T21:46:18","modified_gmt":"2011-12-26T20:46:18","slug":"podsumowanie-roku-2011-radio","status":"publish","type":"post","link":"https:\/\/mediarun.com\/pl\/media\/radio\/podsumowanie-roku-2011-radio.html","title":{"rendered":"Podsumowanie roku 2011: radio"},"content":{"rendered":"<p><strong><span style=\"font-size: small;\">Magdalena Jethon, redaktor naczelna Programu III Polskiego Radia<\/span><\/strong><\/p>\n<p><strong><img decoding=\"async\" style=\"float: left; margin-top: 2px; margin-bottom: 2px; margin-left: 5px; margin-right: 5px; border-image: initial; border: 1px solid black;\" src=\"http:\/\/www2.mediarun.pl\/images\/2011\/12\/1324925310.jpg\" alt=\"\" width=\"140\" height=\"166\" title=\"\">Wydarzenie:<\/strong><br \/>&#8222;Radia razem&#8221; &#8211; koncert na 49. Urodziny Tr&oacute;jki z udzia\u0142em przedstawicieli najwi\u0119kszych konkurencyjnych stacji radiowych.<\/p>\n<p>Sukces &#8222;Boskiej!&#8221; Krystyny Jandy w Teatrze Telewizji &#8211; triumf prawdziwej kultury w szerokim rozumieniu i nadzieja na powr&oacute;t warto\u015bciowych program&oacute;w w dobrym czasie antenowym.<\/p>\n<p><strong>Niespodzianka:<\/strong><br \/>Diamentowa p\u0142yta &#8222;Solidarni z Japoni\u0105&#8221;. Po\u0142\u0105czy\u0142 nas szczytny cel &#8211; pomoc poszkodowanym podczas trz\u0119sienia ziemi w Japonii. Tr&oacute;jka zaprosi\u0142a do wsp&oacute;\u0142pracy przy promowaniu tego wydawnictwa wiele stacji radiowych i telewizyjnych.<\/p>\n<p><strong>Rozczarowanie:<\/strong><br \/>Zakaz medialnych wypowiedzi wydany ks. Adamowi Bonieckiemu przez prowincja\u0142a marian&oacute;w &#8211; wydarzenie (zdaje si\u0119) bez precedensu w XXI w. Zadziwiaj\u0105ce, \u017ce w\u0142a\u015bnie rzecznikowi wolno\u015bci s\u0142owa, jakim niew\u0105tpliwie jest ks. Boniecki, zamkni\u0119to usta.<\/p>\n<p>Powo\u0142anie nowych w\u0142adz SDP &#8211; po wielu perturbacjach i nadziejach na zmian\u0119 jako\u015bci w zarz\u0105dzaniu i dzia\u0142aniu SDP na czele stan\u0105\u0142 zarz\u0105d, kt&oacute;ry uzurpuje sobie prawo do jedynie s\u0142usznej prawdy. W zwi\u0105zku z relacj\u0105 wydarze\u0144 z 11 listopada napi\u0119tnowa\u0142 cz\u0119\u015b\u0107 dziennikarzy, pog\u0142\u0119biaj\u0105c podzia\u0142y w i tak ju\u017c podzielonym \u015brodowisku dziennikarskim.<\/p>\n<p><strong><span style=\"font-size: small;\">Andrzej Matuszy\u0144ski, dyrektor marketingu Grupy Eurozet<\/span><\/strong><\/p>\n<p><strong><img decoding=\"async\" style=\"float: left; margin-top: 2px; margin-bottom: 2px; margin-left: 5px; margin-right: 5px; border-image: initial; border: 1px solid black;\" src=\"http:\/\/www2.mediarun.pl\/images\/2011\/12\/1324925306.jpg\" alt=\"\" width=\"140\" height=\"166\" title=\"\">Wydarzenie:<\/strong><br \/>Z pewno\u015bci\u0105 najwa\u017cniejszym wydarzeniem mijaj\u0105cego roku w bran\u017cy by\u0142o przyj\u0119cie noweli ustawy o radiofonii i telewizji. Mimo sprzeciwu \u015brodowiska wprowadzono m.in. niedobry zapis nakazuj\u0105cy nadawcom zwi\u0119kszenie czasu emisji utwor&oacute;w w j\u0119zyku polskim w godzinach najwy\u017cszej s\u0142uchalno\u015bci. Wolny rynek przegra\u0142 tym samym z rynkiem nakazowo-rozdzielczym. O takich sprawach powinien decydowa\u015b s\u0142uchacz, a nie pos\u0142owie.<\/p>\n<p><strong>Niespodzianka:<\/strong><br \/>W kategoriach pozytywnego zaskoczenia? Nie by\u0142o takiej. Z du\u017cym zadowoleniem przyj\u0105\u0142em natomiast utrzymanie wysokiej s\u0142uchalno\u015bci radio w og&oacute;le. Okazuje si\u0119, \u017ce mimo pojawiaj\u0105cych si\u0119 g\u0142os&oacute;w sceptyk&oacute;w, radio dobrze radzi sobie w XXI wieku &#8211; w dobie dynamicznego rozwoju nowych medi&oacute;w.<\/p>\n<p><strong>Rozczarowanie:<\/strong><br \/>Postawa ustawodawc&oacute;w uchwalaj\u0105cych zmiany w ustawie o radiofonii i telewizji.<\/p>\n<p><strong><span style=\"font-size: small;\">Emil Marat, dyrektor programowy Radia PiN<\/span><\/strong><\/p>\n<p><strong><img decoding=\"async\" style=\"float: left; margin-top: 2px; margin-bottom: 2px; margin-left: 5px; margin-right: 5px; border-image: initial; border: 1px solid black;\" src=\"http:\/\/www2.mediarun.pl\/images\/2011\/12\/1324925308.jpg\" alt=\"\" width=\"140\" height=\"166\" title=\"\">Wydarzenie:<\/strong><br \/>Udany debiut Radia Bajka. Format &#8222;dzieci\u0119cy&#8221; w prywatnych rozmowach radiowych manager&oacute;w pojawia\u0142 si\u0119 od dawna. Kwesti\u0105 czasu (i mo\u017cliwo\u015bci administracyjnych) by\u0142o zrealizowanie tego typu projektu. Pierwsza fala Radio Tracka pokazuje, \u017ce Bajka ruszy\u0142a ca\u0142kiem dobrze, bez szerokiej kampanii promocyjnej. Jak m&oacute;wi\u0105 starsze dzieci (chyba jednak spoza targetu Bajki &#8211; Szacunek!<\/p>\n<p><strong>Niespodzianka:<\/strong><br \/>Zmiany w PR1, j\/w &#8211; Bajka, oraz skala meandr&oacute;w nowelizacji ustawy o Radiofonii i Telewizji.<\/p>\n<p><strong>Rozczarowanie:<\/strong><br \/>Brak prze\u0142omu w Radiu Zet (nie mog\u0119 pozby\u0107 si\u0119 emocjonalnego stosunku do tej stacji, mimo szczerych ch\u0119ci). Zetka wci\u0105\u017c zachowuje si\u0119, jakby naprawd\u0119 wystarcza\u0142o jej &#8222;silne drugie miejsce&#8221;. Nie takie silne, i szkoda, \u017ce drugie&#8230;<\/p>\n<p>Drugie rozczarowanie: powieszenie na ko\u0142ku jakiejkolwiek dyskusji o zmianie metodologii bada\u0144 Radio Track. Anachroniczne zasady doboru pr&oacute;by preferuj\u0105 du\u017ce stacje, czego ofiar\u0105 padaj\u0105 mniejsze, ambitnie projekty typu Roxy.fm (dramatyczne wyniki) i czasem (cho\u0107 na szcz\u0119\u015bcie w mniejszym stopniu) Radio PiN.<\/p>\n<p><strong><span style=\"font-size: small;\">Bogus\u0142aw Potoniec, prezes radia Eska Rock<\/span><\/strong><\/p>\n<p><strong><img loading=\"lazy\" decoding=\"async\" style=\"float: left; margin-top: 2px; margin-bottom: 2px; margin-left: 5px; margin-right: 5px; border-image: initial; border: 1px solid black;\" src=\"http:\/\/www2.mediarun.pl\/images\/2011\/12\/1324925307.jpg\" alt=\"\" width=\"140\" height=\"166\" title=\"\">Wydarzenie:<\/strong><br \/>Rok bez rewolucji i spektakularnych zdarze\u0144 na radiowym rynku.<\/p>\n<p><strong>Niespodzianka \/ Rozczarowanie:<\/strong><br \/>Do obu kategorii trafia po\u015bpieszna nowelizacja ustawy o radiofonii i telewizji &#8211; w&nbsp;szczeg&oacute;lno\u015bci zmiany dotycz\u0105ce radia. Nowe zapisy odnosz\u0105ce si\u0119 do tzw. sfery komercyjnej (sponsoring, autopromocja, lokowanie produktu etc.) s\u0105 niejasne, napisane &#8222;pod telewizj\u0119&#8221;, tak jakby autorzy zapomnieli, \u017ce radio to inne medium, z&nbsp;zupe\u0142nie inaczej zorganizowanym programem.<\/p>\n<p>Na dodatek ustawa przynios\u0142a kolejne ograniczenia w swobodzie kszta\u0142towania programu przez nadawc&oacute;w &#8211; chodzi o przepisy nakazuj\u0105ce emitowanie okre\u015blonej liczby piosenek w j\u0119zyku polskim w tzw. prime time&#8217;ie (czasie najwy\u017cszej s\u0142uchalno\u015bci). Jedyna pociecha, \u017ce gro\u017c\u0105ce zniszczeniem rynku radiowego pierwotne wersje zapis&oacute;w zosta\u0142y finalnie z\u0142agodzone i, dzi\u0119ki wsp&oacute;lnemu frontowi nadawc&oacute;w, uda\u0142o si\u0119 wypracowa\u0107 do\u015b\u0107 rozs\u0105dny kompromis &#8211; zmiany zosta\u0142y roz\u0142o\u017cone w czasie, odnosz\u0105cy si\u0119 do prime time&#8217;u procentowy udzia\u0142 obowi\u0105zku emisji polskoj\u0119zycznych nagra\u0144 zosta\u0142 ograniczony z pierwotnych 75% do 60%, a definicja prime time&#8217;u rozszerzona o dwie godziny., Ponadto nadawcy dostali premi\u0119 za promocj\u0119 nagra\u0144 polskich debiutant&oacute;w (czas emisji tych utwor&oacute;w b\u0119dzie zliczany podw&oacute;jnie).<\/p>\n<p><strong><span style=\"font-size: small;\">Piotr Rzepka, dyrektor programowy Vox FM<\/span><\/strong><\/p>\n<p><strong><img loading=\"lazy\" decoding=\"async\" style=\"float: left; margin-top: 2px; margin-bottom: 2px; margin-left: 5px; margin-right: 5px; border-image: initial; border: 1px solid black;\" src=\"http:\/\/www2.mediarun.pl\/images\/2011\/12\/1324925311.jpg\" alt=\"\" width=\"140\" height=\"148\" title=\"\">Wydarzenie:<\/strong><br \/>A raczej wiele ma\u0142ych zdarze\u0144. Kilka mniej, czy bardziej udanych kampanii promocyjnych, przyj\u015bcia, przej\u015bcia, powroty, odej\u015bcia, jubileusze x-lecia, nowe programowe pozycje, propozycje i audycje, kontynuacje, kumulacje, akcje, lato z&#8230;, zima z&#8230;, weekend z&#8230;, koncerty, festiwale, wzrosty i spadki. Zwyk\u0142y, spokojny i&nbsp;pracowity rok.<\/p>\n<p><strong>Niespodzianka:<\/strong><br \/>Pewnym zaskoczeniem by\u0142y zmiany na stanowiskach kierowniczych: Kamil D\u0105browa zosta\u0142 nowym naczelnym &#8222;Jedynki&#8221; Polskiego Radia, a Rafa\u0142 Olejniczak &#8211; Radia Zet. Niestety nie ma wi\u0119kszych niespodzianek w ratingach &#8211; RMF nadal pozostaje liderem, bez widok&oacute;w na powa\u017cnego konkurenta.<\/p>\n<p><strong>Rozczarowanie:<\/strong><br \/>Tak zwana ustawa o polskiej muzyce &#8211; 33% nadawanych utwor&oacute;w musi by\u0107 po polsku, z&nbsp;czego 60% ma by\u0107 emitowane w godzinach 5.00-24.00 No c&oacute;\u017c, sta\u0142o si\u0119 &#8211; w imieniu spo\u0142ecze\u0144stwa zosta\u0142o postanowione, \u017ce co trzecia piosenka dobra, bo polska, a nie dlatego, \u017ce po prostu dobra. Wiele ju\u017c zosta\u0142o powiedziane w tej sprawie w kontek\u015bcie innych dziedzin \u017cycia, w kt&oacute;rych polskie nie jest traktowane z nale\u017cytym szacunkiem &#8211; bary wietnamskie, samochody osobowe czy flagi narodowe made in China. Nie wierz\u0119, \u017ce tego typu sztuczne regulacje mog\u0105 wp\u0142yn\u0105\u0107 na popraw\u0119 kondycji polskiej piosenki.<\/p>\n<p>Mimo, \u017ce piwo zosta\u0142o nawarzone, pozostaje \u017cyczy\u0107 wszystkim, aby &#8211; id\u0105c \u2028za ciosem &#8211; w sylwestrowy wiecz&oacute;r co trzeci szampan zast\u0105pi\u0142o wino owocowe rodzimej produkcji. Tylko uwaga &#8211; filozof z etykiety nie mo\u017ce by\u0107 pochodzenia greckiego.<\/p>\n<p><strong><span style=\"font-size: small;\">Jolanta Wi\u015bniewska, cz\u0142onek zarz\u0105du Polskiego Radia<\/span><\/strong><\/p>\n<p><strong><img loading=\"lazy\" decoding=\"async\" style=\"float: left; margin-top: 2px; margin-bottom: 2px; margin-left: 5px; margin-right: 5px; border-image: initial; border: 1px solid black;\" src=\"http:\/\/www2.mediarun.pl\/images\/2011\/12\/1324925309.jpg\" alt=\"\" width=\"140\" height=\"166\" title=\"\">Wydarzenie:<\/strong><br \/>Dla mnie zdecydowanie najwa\u017cniejsze by\u0142y rekordowe wyniki s\u0142uchalno\u015bci osi\u0105gni\u0119te przez Program Trzeci. Na przyk\u0142adzie Tr&oacute;jki wida\u0107, \u017ce mo\u017cna zwi\u0119ksza\u0107 audytorium bez utraty jako\u015bci. Jednocze\u015bnie z punktu widzenia reklamowego to nasz produkt premium.   Pracujemy nad tym, aby w 2012 r. podtrzyma\u0107 t\u0119 koniunktur\u0119.<\/p>\n<p><strong>Niespodzianka:<\/strong><br \/>My\u015bl\u0119, \u017ce dla rynku du\u017c\u0105 niespodziank\u0105 by\u0142y bardzo dobre wyniki osi\u0105gni\u0119te przez Agencje Reklamy Polskiego Radia. Szacuje si\u0119, \u017ce realnie ca\u0142y rynek reklamy radiowej w Polsce w bie\u017c\u0105cym roku rynek wzr&oacute;s\u0142 mi\u0119dzy 4% a 7%. W tym czasie Polskie Radio swoje przychody z tego tytu\u0142u powi\u0119kszy\u0142o o ponad 15%. Mimo nie\u0142atwej sytuacji na rynku reklamowym w og&oacute;le i ograniczonego potencja\u0142u reklamy radiowej chcemy by\u0107 nadal liderem w tym wzgl\u0119dzie. Wi\u0119ksza elastyczno\u015b\u0107 na oczekiwania klient&oacute;w i i sprofilowana oferta b\u0119d\u0105 naszymi atutami w nowym roku.<\/p>\n<p><strong>Rozczarowanie:<\/strong><br \/>Wci\u0105\u017c nie rozwi\u0105zany problem skutecznego poboru abonamentu. Licz\u0119, \u017ce 2012 rok b\u0119dzie prze\u0142omowy w tym zakresie i dopracujemy si\u0119 skutecznego systemu finansowania medi&oacute;w publicznych w Polsce.<\/p>\n<p><strong><span style=\"font-size: small;\">Jolanta Teresa Kaczmarek, prezes RDC Radia Dla Ciebie<\/span><\/strong><\/p>\n<p><strong>Wydarzenie:<\/strong><br \/>Pierwsza Nagroda reprezentuj\u0105cego Radio Dla Ciebie zespo\u0142u Poparzeni Kaw\u0105 3 w konkursie Rozg\u0142o\u015bni Regionalnych Polskiego Radia &#8222;Przebojem na anten\u0119&#8221; oraz 49. urodziny radiowej Tr&oacute;jki, na kt&oacute;rych byli obecni szefowie i dziennikarze wszystkich wiod\u0105cych stacji radiowych w Polsce. Jest to dow&oacute;d na to, \u017ce dziennikarze r&oacute;\u017cnych stacji, zar&oacute;wno publicznych jak i komercyjnych, potrafi\u0105 dzia\u0142a\u0107 razem.<\/p>\n<p><strong>Niespodzianka:<\/strong><br \/>Wzrost znaczenia Rozg\u0142o\u015bni Regionalnych &#8211; I pozycja Radia Kielce w wojew&oacute;dztwie \u015bwi\u0119tokrzyskim w okresie wrzesie\u0144 &#8211; listopad.<\/p>\n<p><strong>Rozczarowanie:<\/strong><br \/>&#8222;Tabloizacja&#8221; stacji radiowych &#8211; prezentowanie i komentowanie trudnych temat&oacute;w w kontrowersyjnej formie i na granicy dobrego smaku.<\/p>\n","protected":false},"excerpt":{"rendered":"Magdalena Jethon, Emil Marat, Bogus\u0142aw Potoniec i Piotr Rzepka prezentuj\u0105 najwa\u017cniejsze wydarzenia mijaj\u0105cego roku na rynku radiowym.","protected":false},"author":1,"featured_media":9732,"comment_status":"open","ping_status":"closed","sticky":false,"template":"","format":"standard","meta":{"csco_display_header_overlay":false,"csco_singular_sidebar":"","csco_page_header_type":"","csco_page_load_nextpost":"","csco_post_video_location":[],"csco_post_video_location_hash":"","csco_post_video_url":"","csco_post_video_bg_start_time":0,"csco_post_video_bg_end_time":0,"footnotes":""},"categories":[9672],"tags":[5297],"class_list":{"0":"post-9731","1":"post","2":"type-post","3":"status-publish","4":"format-standard","5":"has-post-thumbnail","7":"category-radio","8":"tag-podsumowanie-roku","9":"cs-entry","10":"cs-video-wrap"},"_links":{"self":[{"href":"https:\/\/mediarun.com\/pl\/wp-json\/wp\/v2\/posts\/9731","targetHints":{"allow":["GET"]}}],"collection":[{"href":"https:\/\/mediarun.com\/pl\/wp-json\/wp\/v2\/posts"}],"about":[{"href":"https:\/\/mediarun.com\/pl\/wp-json\/wp\/v2\/types\/post"}],"author":[{"embeddable":true,"href":"https:\/\/mediarun.com\/pl\/wp-json\/wp\/v2\/users\/1"}],"replies":[{"embeddable":true,"href":"https:\/\/mediarun.com\/pl\/wp-json\/wp\/v2\/comments?post=9731"}],"version-history":[{"count":0,"href":"https:\/\/mediarun.com\/pl\/wp-json\/wp\/v2\/posts\/9731\/revisions"}],"wp:featuredmedia":[{"embeddable":true,"href":"https:\/\/mediarun.com\/pl\/wp-json\/wp\/v2\/media\/9732"}],"wp:attachment":[{"href":"https:\/\/mediarun.com\/pl\/wp-json\/wp\/v2\/media?parent=9731"}],"wp:term":[{"taxonomy":"category","embeddable":true,"href":"https:\/\/mediarun.com\/pl\/wp-json\/wp\/v2\/categories?post=9731"},{"taxonomy":"post_tag","embeddable":true,"href":"https:\/\/mediarun.com\/pl\/wp-json\/wp\/v2\/tags?post=9731"}],"curies":[{"name":"wp","href":"https:\/\/api.w.org\/{rel}","templated":true}]}}