{"id":9447,"date":"2012-01-09T12:32:55","date_gmt":"2012-01-09T11:32:55","guid":{"rendered":"https:\/\/mediarun.com\/index.php\/news-posts\/xx-final-wosp-z-wieksza-widownia\/"},"modified":"2012-01-09T12:32:55","modified_gmt":"2012-01-09T11:32:55","slug":"xx-final-wosp-z-wieksza-widownia","status":"publish","type":"post","link":"https:\/\/mediarun.com\/pl\/media\/tv\/xx-final-wosp-z-wieksza-widownia.html","title":{"rendered":"XX Fina\u0142 WO\u015aP z wi\u0119ksz\u0105 widowni\u0105"},"content":{"rendered":"<p>Jak wynika z danych Nielsen Audience Measurement przygotowanych dla Mediarun.pl, niedzielne transmisje WO\u015aP w TVP2 przyci\u0105gn\u0119\u0142y przed telewizory \u015brednio 1,56 mln widz&oacute;w, a udzia\u0142 w rynku ukszta\u0142towa\u0142 si\u0119 na poziomie 13,67 proc. w grupie 4+.<\/p>\n<p>Dw&oacute;jka przygotowa\u0142a ponad sze\u015b\u0107 godzin relacji z ca\u0142ego kraju, 7 wej\u015b\u0107 antenowych. Najwi\u0119cej widz&oacute;w obejrza\u0142o relacj\u0119 (nadawan\u0105 w godz. 14.40-15.50) &#8211; 2,20 mln widz&oacute;w przy udziale w rynku na poziomie 17,26 proc.<\/p>\n<p>Najmniejszym zainteresowaniem cieszy\u0142a si\u0119 pierwsza poranna relacja (w godz. 9.00-9.50), kt&oacute;r\u0105 \u015bledzi\u0142o 852 tys. telewidz&oacute;w, a udzia\u0142 TVP2 w rynku kszta\u0142towa\u0142 si\u0119 na poziomie 13.14 proc.<\/p>\n<p>W zesz\u0142ym roku Fina\u0142 WO\u015aP w TVP2 zainteresowa\u0142 mniej os&oacute;b &#8211; 1,40 mln widz&oacute;w, a udzia\u0142 w rynku ukszta\u0142towa\u0142 si\u0119 na poziomie 12,38 proc. Dodatkowo w TVN relacje z wydarzenia ogl\u0105da\u0142o w&oacute;wczas \u015brednio 915 tys. os&oacute;b, kt&oacute;re stanowi\u0142y 6,95 proc. widowni w tym czasie antenowym.<\/p>\n<p>Dla por&oacute;wnania, przed dwoma laty Fina\u0142 WO\u015aP zainteresowa\u0142 wi\u0119ksze grono telewidz&oacute;w &#8211; \u015brednio 1,9 mln os&oacute;b ogl\u0105da\u0142o relacje na antenach TVP1 i TVP2, a w TVN 891 tys. os&oacute;b. Natomiast trzy lata temu relacje z Fina\u0142u WO\u015aP ogl\u0105da\u0142o 1,8 mln widz&oacute;w w TVP2 i 800 tys. os&oacute;b w TVN.<\/p>\n","protected":false},"excerpt":{"rendered":"W niedziel\u0119 odby\u0142 si\u0119 jubileuszowy &#8211; XX Fina\u0142 Wielkiej Orkiestry \u015awi\u0105tecznej Pomocy. Relacje z wydarzenia w TVP2 ogl\u0105da\u0142o wi\u0119cej os&oacute;b ni\u017c przed rokiem.","protected":false},"author":1,"featured_media":9448,"comment_status":"open","ping_status":"closed","sticky":false,"template":"","format":"standard","meta":{"csco_display_header_overlay":false,"csco_singular_sidebar":"","csco_page_header_type":"","csco_page_load_nextpost":"","csco_post_video_location":[],"csco_post_video_location_hash":"","csco_post_video_url":"","csco_post_video_bg_start_time":0,"csco_post_video_bg_end_time":0,"footnotes":""},"categories":[9670],"tags":[1083,1113,98,392,635],"class_list":{"0":"post-9447","1":"post","2":"type-post","3":"status-publish","4":"format-standard","5":"has-post-thumbnail","7":"category-tv","8":"tag-nielsen-audience-measurement","9":"tag-ogladalnosc","10":"tag-tvn","11":"tag-tvp","12":"tag-wosp","13":"cs-entry","14":"cs-video-wrap"},"_links":{"self":[{"href":"https:\/\/mediarun.com\/pl\/wp-json\/wp\/v2\/posts\/9447","targetHints":{"allow":["GET"]}}],"collection":[{"href":"https:\/\/mediarun.com\/pl\/wp-json\/wp\/v2\/posts"}],"about":[{"href":"https:\/\/mediarun.com\/pl\/wp-json\/wp\/v2\/types\/post"}],"author":[{"embeddable":true,"href":"https:\/\/mediarun.com\/pl\/wp-json\/wp\/v2\/users\/1"}],"replies":[{"embeddable":true,"href":"https:\/\/mediarun.com\/pl\/wp-json\/wp\/v2\/comments?post=9447"}],"version-history":[{"count":0,"href":"https:\/\/mediarun.com\/pl\/wp-json\/wp\/v2\/posts\/9447\/revisions"}],"wp:featuredmedia":[{"embeddable":true,"href":"https:\/\/mediarun.com\/pl\/wp-json\/wp\/v2\/media\/9448"}],"wp:attachment":[{"href":"https:\/\/mediarun.com\/pl\/wp-json\/wp\/v2\/media?parent=9447"}],"wp:term":[{"taxonomy":"category","embeddable":true,"href":"https:\/\/mediarun.com\/pl\/wp-json\/wp\/v2\/categories?post=9447"},{"taxonomy":"post_tag","embeddable":true,"href":"https:\/\/mediarun.com\/pl\/wp-json\/wp\/v2\/tags?post=9447"}],"curies":[{"name":"wp","href":"https:\/\/api.w.org\/{rel}","templated":true}]}}