{"id":9433,"date":"2012-01-09T16:05:24","date_gmt":"2012-01-09T15:05:24","guid":{"rendered":"https:\/\/mediarun.com\/index.php\/news-posts\/owsiak-wraca-do-trojki\/"},"modified":"2012-01-09T16:05:24","modified_gmt":"2012-01-09T15:05:24","slug":"owsiak-wraca-do-trojki","status":"publish","type":"post","link":"https:\/\/mediarun.com\/pl\/media\/radio\/owsiak-wraca-do-trojki.html","title":{"rendered":"Owsiak wraca do Tr\u00f3jki"},"content":{"rendered":"<p>W swoim autorskim muzycznym programie b\u0119dzie prezentowa\u0142 m.in. m\u0142ode zespo\u0142y graj\u0105ce muzyk\u0119 w klimacie &#8222;Przystanku Woodstock&#8221;.<\/p>\n<p>Audycji z udzia\u0142em Jerzego Owsiaka b\u0119dzie mo\u017cna s\u0142ucha\u0107 w ka\u017cd\u0105 \u015brod\u0119 (w godz. 22.00-23.00). Owsiak z radiow\u0105 Tr&oacute;jk\u0105 by\u0142 ju\u017c zwi\u0105zany w latach 90. Pocz\u0105tkowo prowadzi\u0142 audycj\u0119 &#8222;Brum&#8221;, a p&oacute;\u017aniej &#8222;Si\u0119 kr\u0119ci&#8221;.<\/p>\n<p>Umowa wsp&oacute;\u0142pracy pomi\u0119dzy Jerzym Owsiakiem i Programem III zosta\u0142a podpisana przez Prezesa fundacji WO\u015aP i dyrektor Tr&oacute;jki Magd\u0119 Jethon 8 stycznia, tu\u017c przed p&oacute;\u0142noc\u0105, podczas XX Fina\u0142u WO\u015aP w studiu Telewizji Polskiej.<\/p>\n","protected":false},"excerpt":{"rendered":"18 stycznia na anten\u0119 Programu III Polskiego Radia z audycj\u0105 &#8222;Si\u0119 kr\u0119ci&#8221; powraca Jerzy Owsiak.","protected":false},"author":1,"featured_media":9434,"comment_status":"open","ping_status":"closed","sticky":false,"template":"","format":"standard","meta":{"csco_display_header_overlay":false,"csco_singular_sidebar":"","csco_page_header_type":"","csco_page_load_nextpost":"","csco_post_video_location":[],"csco_post_video_location_hash":"","csco_post_video_url":"","csco_post_video_bg_start_time":0,"csco_post_video_bg_end_time":0,"footnotes":""},"categories":[9672],"tags":[1098],"class_list":{"0":"post-9433","1":"post","2":"type-post","3":"status-publish","4":"format-standard","5":"has-post-thumbnail","7":"category-radio","8":"tag-radio-trojka","9":"cs-entry","10":"cs-video-wrap"},"_links":{"self":[{"href":"https:\/\/mediarun.com\/pl\/wp-json\/wp\/v2\/posts\/9433","targetHints":{"allow":["GET"]}}],"collection":[{"href":"https:\/\/mediarun.com\/pl\/wp-json\/wp\/v2\/posts"}],"about":[{"href":"https:\/\/mediarun.com\/pl\/wp-json\/wp\/v2\/types\/post"}],"author":[{"embeddable":true,"href":"https:\/\/mediarun.com\/pl\/wp-json\/wp\/v2\/users\/1"}],"replies":[{"embeddable":true,"href":"https:\/\/mediarun.com\/pl\/wp-json\/wp\/v2\/comments?post=9433"}],"version-history":[{"count":0,"href":"https:\/\/mediarun.com\/pl\/wp-json\/wp\/v2\/posts\/9433\/revisions"}],"wp:featuredmedia":[{"embeddable":true,"href":"https:\/\/mediarun.com\/pl\/wp-json\/wp\/v2\/media\/9434"}],"wp:attachment":[{"href":"https:\/\/mediarun.com\/pl\/wp-json\/wp\/v2\/media?parent=9433"}],"wp:term":[{"taxonomy":"category","embeddable":true,"href":"https:\/\/mediarun.com\/pl\/wp-json\/wp\/v2\/categories?post=9433"},{"taxonomy":"post_tag","embeddable":true,"href":"https:\/\/mediarun.com\/pl\/wp-json\/wp\/v2\/tags?post=9433"}],"curies":[{"name":"wp","href":"https:\/\/api.w.org\/{rel}","templated":true}]}}