{"id":938,"date":"2013-09-20T12:41:13","date_gmt":"2013-09-20T10:41:13","guid":{"rendered":"https:\/\/mediarun.com\/index.php\/news-posts\/bruno-duthoit-prezesem-orange-polska\/"},"modified":"2013-09-20T12:41:13","modified_gmt":"2013-09-20T10:41:13","slug":"bruno-duthoit-prezesem-orange-polska","status":"publish","type":"post","link":"https:\/\/mediarun.com\/pl\/trendy\/branding\/bruno-duthoit-prezesem-orange-polska.html","title":{"rendered":"Bruno Duthoit prezesem Orange Polska"},"content":{"rendered":"<p>Dotychczasowy prezes Orange Polska, Maciej Witucki zosta\u0142 powo\u0142any na przewodnicz\u0105cego Rady Nadzorczej firmy.<\/p>\n<p>Bruno Duthoit jest absolwentem Politechniki Paryskiej oraz francuskiej Krajowej Wy\u017cszej Szko\u0142y Telekomunikacji (&Eacute;cole Nationale Sup&eacute;rieure des T&eacute;l&eacute;communications).<\/p>\n<p>Karier\u0119 zawodow\u0105 rozpocz\u0105\u0142 jako in\u017cynier w sp&oacute;\u0142ce France T&eacute;l&eacute;com. (obecnie Orange.). Wkr&oacute;tce awansowa\u0142 na stanowisko zast\u0119pcy dyrektora regionalnego ds. inwestycji sieciowych w Regionie Dolnej Normandii, kt&oacute;re zajmowa\u0142 do 1983 roku. Przez nast\u0119pne sze\u015b\u0107 lat piastowa\u0142 kierownicze stanowiska w administracji publicznej, w Mi\u0119dzyresortowej Delegaturze ds. Planowania Przestrzennego i Rozwoju Regionalnego (DATAR), na szczeblu regionalnym i krajowym. W 1991 roku powr&oacute;ci\u0142 do Orange S.A., staj\u0105c na czele przedstawicielstwa Grupy w Czechach i S\u0142owacji.<\/p>\n<p>W latach 1996-2013, by\u0142 prezesem lub cz\u0142onkiem zarz\u0105du szeregu zagranicznych sp&oacute;\u0142ek zale\u017cnych Grupy, w tym mi\u0119dzy innymi prezesem Orange Slovensko (1996-1999), Orange Moldova (2006-2008), Orange Armenia (2008-2012) oraz Ethiotelecom w Etiopii (2012-2013). Od 2001 do 2006 roku by\u0142 cz\u0142onkiem zarz\u0105du Telekomunikacji Polskiej, odpowiadaj\u0105c za szeroki wachlarz zagadnie\u0144: od transformacji poprzez sprzeda\u017c, marketing i obs\u0142ug\u0119 klient&oacute;w po strategi\u0119 i inwestycje.<\/p>\n","protected":false},"excerpt":{"rendered":"Rada Nadzorcza powo\u0142a\u0142a nowego prezesa Orange Polska. Zgodnie z zapowiedzi\u0105, zmiana w zarz\u0105dzie zosta\u0142a przeprowadzona w formie sukcesji, kt&oacute;ra ma zapewni\u0107 ci\u0105g\u0142o\u015b\u0107 w realizacji cel&oacute;w biznesowych firmy.&nbsp;","protected":false},"author":1,"featured_media":939,"comment_status":"open","ping_status":"closed","sticky":false,"template":"","format":"standard","meta":{"csco_display_header_overlay":false,"csco_singular_sidebar":"","csco_page_header_type":"","csco_page_load_nextpost":"","csco_post_video_location":[],"csco_post_video_location_hash":"","csco_post_video_url":"","csco_post_video_bg_start_time":0,"csco_post_video_bg_end_time":0,"footnotes":""},"categories":[9658],"tags":[276],"class_list":{"0":"post-938","1":"post","2":"type-post","3":"status-publish","4":"format-standard","5":"has-post-thumbnail","7":"category-branding","8":"tag-orange","9":"cs-entry","10":"cs-video-wrap"},"_links":{"self":[{"href":"https:\/\/mediarun.com\/pl\/wp-json\/wp\/v2\/posts\/938","targetHints":{"allow":["GET"]}}],"collection":[{"href":"https:\/\/mediarun.com\/pl\/wp-json\/wp\/v2\/posts"}],"about":[{"href":"https:\/\/mediarun.com\/pl\/wp-json\/wp\/v2\/types\/post"}],"author":[{"embeddable":true,"href":"https:\/\/mediarun.com\/pl\/wp-json\/wp\/v2\/users\/1"}],"replies":[{"embeddable":true,"href":"https:\/\/mediarun.com\/pl\/wp-json\/wp\/v2\/comments?post=938"}],"version-history":[{"count":0,"href":"https:\/\/mediarun.com\/pl\/wp-json\/wp\/v2\/posts\/938\/revisions"}],"wp:featuredmedia":[{"embeddable":true,"href":"https:\/\/mediarun.com\/pl\/wp-json\/wp\/v2\/media\/939"}],"wp:attachment":[{"href":"https:\/\/mediarun.com\/pl\/wp-json\/wp\/v2\/media?parent=938"}],"wp:term":[{"taxonomy":"category","embeddable":true,"href":"https:\/\/mediarun.com\/pl\/wp-json\/wp\/v2\/categories?post=938"},{"taxonomy":"post_tag","embeddable":true,"href":"https:\/\/mediarun.com\/pl\/wp-json\/wp\/v2\/tags?post=938"}],"curies":[{"name":"wp","href":"https:\/\/api.w.org\/{rel}","templated":true}]}}