{"id":9369,"date":"2012-01-10T18:22:22","date_gmt":"2012-01-10T17:22:22","guid":{"rendered":"https:\/\/mediarun.com\/index.php\/news-posts\/ryszard-rynkowski-w-bitwie-na-glosy\/"},"modified":"2012-01-10T18:22:22","modified_gmt":"2012-01-10T17:22:22","slug":"ryszard-rynkowski-w-bitwie-na-glosy","status":"publish","type":"post","link":"https:\/\/mediarun.com\/pl\/media\/tv\/ryszard-rynkowski-w-bitwie-na-glosy.html","title":{"rendered":"Ryszard Rynkowski w &#8222;Bitwie na g\u0142osy&#8221;"},"content":{"rendered":"<p>17 stycznia w Elbl\u0105gu, w Ratuszu Staromiejskim, przy ul. Stary Rynek 25, odb\u0119dzie si\u0119 casting do jego dru\u017cyny. Start castingu o godz. 9.00.<\/p>\n<p>Ryszard Rynkowski powr&oacute;ci do rodzinnego Elbl\u0105ga, w kt&oacute;rym si\u0119 urodzi\u0142 i dorasta\u0142. Tam te\u017c rozpoczyna\u0142 swoj\u0105 karier\u0119 udzielaj\u0105c si\u0119  w amatorskich zespo\u0142ach. Artysta jest Honorowym Obywatelem tego miasta. Silny zwi\u0105zek z tym regionem akcentuje r&oacute;wnie\u017c w swojej tw&oacute;rczo\u015bci.<\/p>\n<p>W 2011 r. wsp&oacute;lnie z innymi muzykami, mi\u0119dzy innymi z Januszem Panasewiczem, kt&oacute;ry tak\u017ce we\u017amie udzia\u0142 w &#8222;Bitwie na g\u0142osy&#8221;, nagra\u0142 piosenk\u0119 &#8222;Cudne Mazury&#8221; (w ramach akcji &#8222;Mazury Cud Natury&#8221;).<\/p>\n<p>Osoby bior\u0105ce udzia\u0142 w castingu musz\u0105 przygotowa\u0107 kilka r&oacute;\u017cnorodnych piosenek, kt&oacute;re b\u0119d\u0105 wykonywa\u0107 a capella, w tym jedn\u0105 w j\u0119zyku angielskim.<\/p>\n<p>Wybrani w drodze wst\u0119pnych przes\u0142ucha\u0144 wokali\u015bci zostan\u0105 zaproszeni do drugiego etapu, kt&oacute;ry odb\u0119dzie si\u0119 nast\u0119pnego dnia.<\/p>\n<p>&#8222;Bitwa na g\u0142osy&#8221; b\u0119dzie emitowana od marca w TVP2 w soboty o godz. 20.<\/p>\n<p><strong>+ <a rel=\"nofollow noopener\" href=\"http:\/\/wiadomosci.mediarun.pl\/artykul\/media-telewizja,bitwa-na-glosy-panasewicz-jedna-z-gwiazd,37560,4,1,1.html\" target=\"_blank\">&#8222;Bitwa na G\u0142osy&#8221;: Panasewicz jedn\u0105 z gwiazd<\/a><\/strong><\/p>\n","protected":false},"excerpt":{"rendered":"Ryszard Rynkowski jest kolejnym artyst\u0105, kt&oacute;ry poprowadzi sw&oacute;j zesp&oacute;\u0142 wokalny w drugiej edycji muzycznego show &#8222;Bitwa na g\u0142osy&#8221;.","protected":false},"author":1,"featured_media":9370,"comment_status":"open","ping_status":"closed","sticky":false,"template":"","format":"standard","meta":{"csco_display_header_overlay":false,"csco_singular_sidebar":"","csco_page_header_type":"","csco_page_load_nextpost":"","csco_post_video_location":[],"csco_post_video_location_hash":"","csco_post_video_url":"","csco_post_video_bg_start_time":0,"csco_post_video_bg_end_time":0,"footnotes":""},"categories":[9670],"tags":[1192,610],"class_list":{"0":"post-9369","1":"post","2":"type-post","3":"status-publish","4":"format-standard","5":"has-post-thumbnail","7":"category-tv","8":"tag-bitwa-na-glosy","9":"tag-tvp2","10":"cs-entry","11":"cs-video-wrap"},"_links":{"self":[{"href":"https:\/\/mediarun.com\/pl\/wp-json\/wp\/v2\/posts\/9369","targetHints":{"allow":["GET"]}}],"collection":[{"href":"https:\/\/mediarun.com\/pl\/wp-json\/wp\/v2\/posts"}],"about":[{"href":"https:\/\/mediarun.com\/pl\/wp-json\/wp\/v2\/types\/post"}],"author":[{"embeddable":true,"href":"https:\/\/mediarun.com\/pl\/wp-json\/wp\/v2\/users\/1"}],"replies":[{"embeddable":true,"href":"https:\/\/mediarun.com\/pl\/wp-json\/wp\/v2\/comments?post=9369"}],"version-history":[{"count":0,"href":"https:\/\/mediarun.com\/pl\/wp-json\/wp\/v2\/posts\/9369\/revisions"}],"wp:featuredmedia":[{"embeddable":true,"href":"https:\/\/mediarun.com\/pl\/wp-json\/wp\/v2\/media\/9370"}],"wp:attachment":[{"href":"https:\/\/mediarun.com\/pl\/wp-json\/wp\/v2\/media?parent=9369"}],"wp:term":[{"taxonomy":"category","embeddable":true,"href":"https:\/\/mediarun.com\/pl\/wp-json\/wp\/v2\/categories?post=9369"},{"taxonomy":"post_tag","embeddable":true,"href":"https:\/\/mediarun.com\/pl\/wp-json\/wp\/v2\/tags?post=9369"}],"curies":[{"name":"wp","href":"https:\/\/api.w.org\/{rel}","templated":true}]}}