{"id":9363,"date":"2012-01-11T09:40:17","date_gmt":"2012-01-11T08:40:17","guid":{"rendered":"https:\/\/mediarun.com\/index.php\/news-posts\/rem-potepia-super-express-za-zdjecie-rannego-prokuratora\/"},"modified":"2012-01-11T09:40:17","modified_gmt":"2012-01-11T08:40:17","slug":"rem-potepia-super-express-za-zdjecie-rannego-prokuratora","status":"publish","type":"post","link":"https:\/\/mediarun.com\/pl\/media\/prasa\/rem-potepia-super-express-za-zdjecie-rannego-prokuratora.html","title":{"rendered":"REM pot\u0119pia Super Express za zdj\u0119cie rannego prokuratora"},"content":{"rendered":"<p>&#8211; Zamieszczaj\u0105c na stronie tytu\u0142owej i wewn\u0105trz numeru zdj\u0119cie prokuratora wojskowego p\u0142k Miko\u0142aja Przyby\u0142a w ka\u0142u\u017cy krwi po pr&oacute;bie samob&oacute;jczej Super Express (10 stycznia 2012) drastycznie naruszy\u0142 normy etyczne obowi\u0105zuj\u0105ce dziennikarzy, a zw\u0142aszcza zasad\u0119 poszanowania ludzkiej godno\u015bci &#8211; napisa\u0142a w swoim o\u015bwiadczeniu Rada Etyki Medi&oacute;w.<\/p>\n<p>Rada Etyki Medi&oacute;w podkre\u015bli\u0142a, \u017ce od d\u0142u\u017cszego czasu otrzymuje skargi na epatowanie okrucie\u0144stwem w opisach i obrazach publikowanych w mediach, tak\u017ce elektronicznych. Zdaniem rady jest to praktyka zas\u0142uguj\u0105ca na stanowcze pot\u0119pienie.<\/p>\n<p>Na zarzuty REM odpowiedzia\u0142 redaktor naczelny Super Expressu S\u0142awomir Jastrz\u0119bowski.<\/p>\n<p>&#8211; Gdyby\u015bmy na powa\u017cnie brali Rad\u0119 Etyki Medi&oacute;w, musieliby\u015bmy wyrzuci\u0107 do kosza najlepsze \u015bwiatowe zdj\u0119cia, nagradzane (w konkursie) World Press Photo (&#8230;). Albo jeste\u015bmy dziennikarzami, albo cenzorami. Albo b\u0119dziemy pokazywa\u0107 ludziom \u017cycie, albo firanki. Super Express nie ma w tej sprawie w\u0105tpliwo\u015bci &#8211; napisa\u0142 redaktor naczelny dziennika w o\u015bwiadczeniu przes\u0142anym PAP.<\/p>\n<p>Wojskowy prokurator p\u0142k Miko\u0142aj Przyby\u0142 postrzeli\u0142 si\u0119 w poniedzia\u0142ek podczas przerwy w konferencji prasowej w Poznaniu.<\/p>\n","protected":false},"excerpt":{"rendered":"&#8211; Zamieszczaj\u0105c zdj\u0119cie p\u0142k Miko\u0142aja Przyby\u0142a w ka\u0142u\u017cy krwi Super Express drastycznie naruszy\u0142 normy etyczne obowi\u0105zuj\u0105ce dziennikarzy &#8211; oceni\u0142a Rada Etyki Medi&oacute;w.","protected":false},"author":1,"featured_media":9364,"comment_status":"open","ping_status":"closed","sticky":false,"template":"","format":"standard","meta":{"csco_display_header_overlay":false,"csco_singular_sidebar":"","csco_page_header_type":"","csco_page_load_nextpost":"","csco_post_video_location":[],"csco_post_video_location_hash":"","csco_post_video_url":"","csco_post_video_bg_start_time":0,"csco_post_video_bg_end_time":0,"footnotes":""},"categories":[9673],"tags":[1163,671],"class_list":{"0":"post-9363","1":"post","2":"type-post","3":"status-publish","4":"format-standard","5":"has-post-thumbnail","7":"category-prasa","8":"tag-rada-etyki-mediow","9":"tag-super-express","10":"cs-entry","11":"cs-video-wrap"},"_links":{"self":[{"href":"https:\/\/mediarun.com\/pl\/wp-json\/wp\/v2\/posts\/9363","targetHints":{"allow":["GET"]}}],"collection":[{"href":"https:\/\/mediarun.com\/pl\/wp-json\/wp\/v2\/posts"}],"about":[{"href":"https:\/\/mediarun.com\/pl\/wp-json\/wp\/v2\/types\/post"}],"author":[{"embeddable":true,"href":"https:\/\/mediarun.com\/pl\/wp-json\/wp\/v2\/users\/1"}],"replies":[{"embeddable":true,"href":"https:\/\/mediarun.com\/pl\/wp-json\/wp\/v2\/comments?post=9363"}],"version-history":[{"count":0,"href":"https:\/\/mediarun.com\/pl\/wp-json\/wp\/v2\/posts\/9363\/revisions"}],"wp:featuredmedia":[{"embeddable":true,"href":"https:\/\/mediarun.com\/pl\/wp-json\/wp\/v2\/media\/9364"}],"wp:attachment":[{"href":"https:\/\/mediarun.com\/pl\/wp-json\/wp\/v2\/media?parent=9363"}],"wp:term":[{"taxonomy":"category","embeddable":true,"href":"https:\/\/mediarun.com\/pl\/wp-json\/wp\/v2\/categories?post=9363"},{"taxonomy":"post_tag","embeddable":true,"href":"https:\/\/mediarun.com\/pl\/wp-json\/wp\/v2\/tags?post=9363"}],"curies":[{"name":"wp","href":"https:\/\/api.w.org\/{rel}","templated":true}]}}