{"id":9257,"date":"2012-01-16T01:10:45","date_gmt":"2012-01-16T00:10:45","guid":{"rendered":"https:\/\/mediarun.com\/index.php\/news-posts\/wyszynska-wyrzucona-z-tvp\/"},"modified":"2012-01-16T01:10:45","modified_gmt":"2012-01-16T00:10:45","slug":"wyszynska-wyrzucona-z-tvp","status":"publish","type":"post","link":"https:\/\/mediarun.com\/pl\/media\/tv\/wyszynska-wyrzucona-z-tvp.html","title":{"rendered":"Wyszy\u0144ska wyrzucona z TVP"},"content":{"rendered":"<p>Do niedawna Wyszy\u0144ska kierowa\u0142a te\u017c redakcj\u0105 &#8222;Wiadomo\u015bci&#8221;, zrezygnowa\u0142a z tego w po\u0142owie listopada 2011 r., gdy ze stanowiska szefowej telewizyjnej Jedynki odwo\u0142ana zosta\u0142a Iwona Schymalla.<\/p>\n<p>&#8211; Ma\u0142gorzata Wyszy\u0144ska wypowiedzia\u0142a umow\u0119 o prac\u0119 w chwili rezygnacji z kierowania Wiadomo\u015bciami TVP. Teraz \u0142\u0105czy\u0142a j\u0105 ze sp&oacute;\u0142k\u0105 umowa cywilno-prawna na prowadzenie &#8222;Wiadomo\u015bci&#8221;, kt&oacute;r\u0105 TVP zdecydowa\u0142a si\u0119 rozwi\u0105za\u0107 &#8211; potwierdzi\u0142a w rozmowie z Newsweekiem Joanna Stempie\u0144-Rogali\u0144ska, rzecznik Telewizji Polskiej.<\/p>\n<p>Ma\u0142gorzata Wyszy\u0144ska pracowa\u0142a w TVP od 1997 r. &#8211; pocz\u0105tkow w oddziale TVP w Poznaniu, a p&oacute;\u017aniej w Warszawie, gdzie zadebiutowa\u0142a w roli prezenterki pogody po &#8222;Wiadomo\u015bciach&#8221;. Prowadzi\u0142a r&oacute;wnie\u017c &#8222;Teleexpress&#8221;, audycje publicystyczne TVP oraz poranny program &#8222;Kawa czy herbata&#8221;.<\/p>\n","protected":false},"excerpt":{"rendered":"Prezes TVP Juliusz Braun zwolni\u0142 w trybie natychmiastowym Ma\u0142gorzat\u0119&nbsp;Wyszy\u0144sk\u0105, prowadz\u0105c\u0105 g\u0142&oacute;wne wydanie &#8222;Wiadomo\u015bci&#8221;.","protected":false},"author":1,"featured_media":9258,"comment_status":"open","ping_status":"closed","sticky":false,"template":"","format":"standard","meta":{"csco_display_header_overlay":false,"csco_singular_sidebar":"","csco_page_header_type":"","csco_page_load_nextpost":"","csco_post_video_location":[],"csco_post_video_location_hash":"","csco_post_video_url":"","csco_post_video_bg_start_time":0,"csco_post_video_bg_end_time":0,"footnotes":""},"categories":[9670],"tags":[392,1096],"class_list":{"0":"post-9257","1":"post","2":"type-post","3":"status-publish","4":"format-standard","5":"has-post-thumbnail","7":"category-tv","8":"tag-tvp","9":"tag-wiadomosci","10":"cs-entry","11":"cs-video-wrap"},"_links":{"self":[{"href":"https:\/\/mediarun.com\/pl\/wp-json\/wp\/v2\/posts\/9257","targetHints":{"allow":["GET"]}}],"collection":[{"href":"https:\/\/mediarun.com\/pl\/wp-json\/wp\/v2\/posts"}],"about":[{"href":"https:\/\/mediarun.com\/pl\/wp-json\/wp\/v2\/types\/post"}],"author":[{"embeddable":true,"href":"https:\/\/mediarun.com\/pl\/wp-json\/wp\/v2\/users\/1"}],"replies":[{"embeddable":true,"href":"https:\/\/mediarun.com\/pl\/wp-json\/wp\/v2\/comments?post=9257"}],"version-history":[{"count":0,"href":"https:\/\/mediarun.com\/pl\/wp-json\/wp\/v2\/posts\/9257\/revisions"}],"wp:featuredmedia":[{"embeddable":true,"href":"https:\/\/mediarun.com\/pl\/wp-json\/wp\/v2\/media\/9258"}],"wp:attachment":[{"href":"https:\/\/mediarun.com\/pl\/wp-json\/wp\/v2\/media?parent=9257"}],"wp:term":[{"taxonomy":"category","embeddable":true,"href":"https:\/\/mediarun.com\/pl\/wp-json\/wp\/v2\/categories?post=9257"},{"taxonomy":"post_tag","embeddable":true,"href":"https:\/\/mediarun.com\/pl\/wp-json\/wp\/v2\/tags?post=9257"}],"curies":[{"name":"wp","href":"https:\/\/api.w.org\/{rel}","templated":true}]}}