{"id":9201,"date":"2012-01-18T00:48:19","date_gmt":"2012-01-17T23:48:19","guid":{"rendered":"https:\/\/mediarun.com\/index.php\/news-posts\/lukasz-wejchert-chce-odkupic-onet\/"},"modified":"2012-01-18T00:48:19","modified_gmt":"2012-01-17T23:48:19","slug":"lukasz-wejchert-chce-odkupic-onet","status":"publish","type":"post","link":"https:\/\/mediarun.com\/pl\/digital\/internet\/lukasz-wejchert-chce-odkupic-onet.html","title":{"rendered":"\u0141ukasz Wejchert chce odkupi\u0107\u00a0Onet"},"content":{"rendered":"<p>Z informacji gazety wynika, \u017ce Wejchert prowadzi rozmowy z funduszami private equity na temat finansowania wykupu portalu. Za poszukiwanie pieni\u0119dzy ma by\u0107 odpowiedzialny butik inwestycyjny Bastion Group.<\/p>\n<p>Dziennik Gazeta Prawna zwraca uwag\u0119, \u017ce fundusze, z kt&oacute;rymi rozmawiali \u0141ukasz Wejchert i jego przedstawiciele, maj\u0105 jednak obawy o potencja\u0142 wzrostu Onetu po ewentualnym wyj\u015bciu z Grupy TVN.<\/p>\n<p>Do udzia\u0142u w transakcji Wejchert namawia r&oacute;wnie\u017c Leszka Czarneckiego, tw&oacute;rc\u0119 Getin Banku.<\/p>\n<p>\u0141ukasz Wejchert odszed\u0142 z grupy TVN pod koniec ub. roku, a jego udzia\u0142y w grupie ITI zosta\u0142y odkupione przez sp&oacute;\u0142k\u0119. Wejchert pe\u0142ni\u0142 w ostatnim czasie funkcj\u0119 prezesa portalu Onet, wiceprezesa zarz\u0105du Grupy TVN ds. Online oraz cz\u0142onka Komitetu Wykonawczego Grupy ITI.<\/p>\n","protected":false},"excerpt":{"rendered":"\u0141ukasz Wejchert, by\u0142y prezes Onetu, jest zainteresowany odkupieniem portalu &#8211; poinformowa\u0142 Dziennika Gazeta Prawna.","protected":false},"author":1,"featured_media":9202,"comment_status":"open","ping_status":"closed","sticky":false,"template":"","format":"standard","meta":{"csco_display_header_overlay":false,"csco_singular_sidebar":"","csco_page_header_type":"","csco_page_load_nextpost":"","csco_post_video_location":[],"csco_post_video_location_hash":"","csco_post_video_url":"","csco_post_video_bg_start_time":0,"csco_post_video_bg_end_time":0,"footnotes":""},"categories":[9676],"tags":[132],"class_list":{"0":"post-9201","1":"post","2":"type-post","3":"status-publish","4":"format-standard","5":"has-post-thumbnail","7":"category-internet","8":"tag-onet-pl","9":"cs-entry","10":"cs-video-wrap"},"_links":{"self":[{"href":"https:\/\/mediarun.com\/pl\/wp-json\/wp\/v2\/posts\/9201","targetHints":{"allow":["GET"]}}],"collection":[{"href":"https:\/\/mediarun.com\/pl\/wp-json\/wp\/v2\/posts"}],"about":[{"href":"https:\/\/mediarun.com\/pl\/wp-json\/wp\/v2\/types\/post"}],"author":[{"embeddable":true,"href":"https:\/\/mediarun.com\/pl\/wp-json\/wp\/v2\/users\/1"}],"replies":[{"embeddable":true,"href":"https:\/\/mediarun.com\/pl\/wp-json\/wp\/v2\/comments?post=9201"}],"version-history":[{"count":0,"href":"https:\/\/mediarun.com\/pl\/wp-json\/wp\/v2\/posts\/9201\/revisions"}],"wp:featuredmedia":[{"embeddable":true,"href":"https:\/\/mediarun.com\/pl\/wp-json\/wp\/v2\/media\/9202"}],"wp:attachment":[{"href":"https:\/\/mediarun.com\/pl\/wp-json\/wp\/v2\/media?parent=9201"}],"wp:term":[{"taxonomy":"category","embeddable":true,"href":"https:\/\/mediarun.com\/pl\/wp-json\/wp\/v2\/categories?post=9201"},{"taxonomy":"post_tag","embeddable":true,"href":"https:\/\/mediarun.com\/pl\/wp-json\/wp\/v2\/tags?post=9201"}],"curies":[{"name":"wp","href":"https:\/\/api.w.org\/{rel}","templated":true}]}}