{"id":9055,"date":"2012-01-24T00:35:00","date_gmt":"2012-01-23T23:35:00","guid":{"rendered":"https:\/\/mediarun.com\/index.php\/news-posts\/boni-acta-nic-nie-zmieni-wideo\/"},"modified":"2012-01-24T00:35:00","modified_gmt":"2012-01-23T23:35:00","slug":"boni-acta-nic-nie-zmieni-wideo","status":"publish","type":"post","link":"https:\/\/mediarun.com\/pl\/digital\/internet\/boni-acta-nic-nie-zmieni-wideo.html","title":{"rendered":"Boni: ACTA nic nie zmieni (wideo)"},"content":{"rendered":"<p>PAP informuje, \u017ce Boni po spotkaniu z premierem Donaldem Tuskiem i ministrem kultury Bogdanem Zdrojewskim uspokaja\u0142, \u017ce ten dokument w niczym nie zmieni polskiego prawa, tak\u017ce w kwestii praw internaut&oacute;w i funkcjonowania internetu.<\/p>\n<p>Jego zdaniem dokument prawie w ca\u0142o\u015bci wi\u0105\u017ce si\u0119 z realizacj\u0105 kompetencji Unii Europejskiej. W 10 procentach dotyczy spraw krajowych ale tam nie zajd\u0105 zmiany prawne.<\/p>\n<p>Micha\u0142 Boni przypomnia\u0142, \u017ce od przysz\u0142ego tygodnia rozpocznie si\u0119 kolejna faza konsultacji w sprawie porozumienia ACTA. W przysz\u0142ym miesi\u0105cu minister chce rozpocz\u0105\u0107 publiczn\u0105 debat\u0119 na temat ustawy o otwartych zasobach.<\/p>\n<p>Minister podkre\u015bi\u0142, \u017ce mi\u0119dzynarodowe porozumienie ACTA wejdzie w \u017cycie dopiero wtedy, je\u015bli zostanie ratyfikowane.<\/p>\n<p>&#8211; Jest r&oacute;\u017cnica mi\u0119dzy &#8211; w tej fazie &#8211; podpisaniem tego dokumentu, a staniem si\u0119 przez ten dokument prawem &#8211; przypomnia\u0142 Boni. &#8211; Bardzo na to zwracam uwag\u0119, bo b\u0119dzie jeszcze ten okres ratyfikacyjny i my\u015bl\u0119, \u017ce w czasie tego okresu wszystkie argumenty za i przeciw si\u0119 pojawi\u0105 i zale\u017cnie od tego ten dokument b\u0119dzie albo ratyfikowany, albo nie &#8211; powiedzia\u0142 Boni.<\/p>\n","protected":false},"excerpt":{"rendered":"Micha\u0142 Boni, minister administracji i cyfryzacji, poinformowa\u0142, \u017ce porozumienie ACTA zostanie 26 stycznia podpisane przez Polsk\u0119.","protected":false},"author":1,"featured_media":9056,"comment_status":"open","ping_status":"closed","sticky":false,"template":"","format":"standard","meta":{"csco_display_header_overlay":false,"csco_singular_sidebar":"","csco_page_header_type":"","csco_page_load_nextpost":"","csco_post_video_location":[],"csco_post_video_location_hash":"","csco_post_video_url":"","csco_post_video_bg_start_time":0,"csco_post_video_bg_end_time":0,"footnotes":""},"categories":[9676],"tags":[1428],"class_list":{"0":"post-9055","1":"post","2":"type-post","3":"status-publish","4":"format-standard","5":"has-post-thumbnail","7":"category-internet","8":"tag-acta","9":"cs-entry","10":"cs-video-wrap"},"_links":{"self":[{"href":"https:\/\/mediarun.com\/pl\/wp-json\/wp\/v2\/posts\/9055","targetHints":{"allow":["GET"]}}],"collection":[{"href":"https:\/\/mediarun.com\/pl\/wp-json\/wp\/v2\/posts"}],"about":[{"href":"https:\/\/mediarun.com\/pl\/wp-json\/wp\/v2\/types\/post"}],"author":[{"embeddable":true,"href":"https:\/\/mediarun.com\/pl\/wp-json\/wp\/v2\/users\/1"}],"replies":[{"embeddable":true,"href":"https:\/\/mediarun.com\/pl\/wp-json\/wp\/v2\/comments?post=9055"}],"version-history":[{"count":0,"href":"https:\/\/mediarun.com\/pl\/wp-json\/wp\/v2\/posts\/9055\/revisions"}],"wp:featuredmedia":[{"embeddable":true,"href":"https:\/\/mediarun.com\/pl\/wp-json\/wp\/v2\/media\/9056"}],"wp:attachment":[{"href":"https:\/\/mediarun.com\/pl\/wp-json\/wp\/v2\/media?parent=9055"}],"wp:term":[{"taxonomy":"category","embeddable":true,"href":"https:\/\/mediarun.com\/pl\/wp-json\/wp\/v2\/categories?post=9055"},{"taxonomy":"post_tag","embeddable":true,"href":"https:\/\/mediarun.com\/pl\/wp-json\/wp\/v2\/tags?post=9055"}],"curies":[{"name":"wp","href":"https:\/\/api.w.org\/{rel}","templated":true}]}}