{"id":8782,"date":"2012-02-01T13:50:31","date_gmt":"2012-02-01T12:50:31","guid":{"rendered":"https:\/\/mediarun.com\/index.php\/news-posts\/dominic-proctor-prezesem-groupm\/"},"modified":"2015-03-17T11:27:48","modified_gmt":"2015-03-17T11:27:48","slug":"dominic-proctor-prezesem-groupm","status":"publish","type":"post","link":"https:\/\/mediarun.com\/pl\/ludzie\/kariera\/dominic-proctor-prezesem-groupm.html","title":{"rendered":"Dominic Proctor prezesem GroupM"},"content":{"rendered":"<p>Na nowym stanowisku, Dominic Proctor nadal podlega\u0142 b\u0119dzie Irwinowi Gotliebowi, kt&oacute;ry w ramach reorganizacji zosta\u0142 przewodnicz\u0105cym GroupM. Nast\u0119pc\u0105 prezesa Mindshare Worldwide zostanie Nick Emery, obecnie chief strategy Officer w londy\u0144skim oddziale Mindshare.<\/p>\n<p>W ramach nowej struktury Irwin Gotlieb odpowiedzialny b\u0119dzie za ca\u0142o\u015bciow\u0105 strategi\u0119 GroupM, Dominic Proctor za\u015b zarz\u0105dza\u0142 b\u0119dzie wszystkimi agencjami wchodz\u0105cymi w sk\u0142ad Grupy na ca\u0142ym \u015bwiecie tj. Mindshare, Maxus, MEC oraz MediaCom. Podlega\u0107 mu b\u0119d\u0105 szefowie regionalnych plac&oacute;wek GroupM oraz prezesi czterech g\u0142&oacute;wnych dom&oacute;w mediowych.<\/p>\n<p>Dominic Proctor posiada bogate do\u015bwiadczenie w zarz\u0105dzaniu agencjami mediowymi. We wrze\u015bniu 1997 roku za\u0142o\u017cy\u0142 Mindshare Worldwide, pierwsz\u0105 struktur\u0119 negocjacyjn\u0105 grupy WPP, wprowadzaj\u0105c firm\u0119 na pozycj\u0119 lidera w\u015br&oacute;d dom&oacute;w mediowych na \u015bwiecie. Proctor rozpocz\u0105\u0142 swoj\u0105 karier\u0119 w 1979 roku, pracuj\u0105c w r&oacute;\u017cnych agencjach reklamowych. Nast\u0119pnie do\u0142\u0105czy\u0142 do londy\u0144skiej agencji JWT, gdzie w 1989 roku awansowa\u0142 na stanowisko media directora, by w 1991 roku obj\u0105\u0107 stanowisko dyrektora zarz\u0105dzaj\u0105cego. W grudniu 1992 roku obj\u0105\u0142 funkcj\u0119 prezesa firmy. Pe\u0142ni\u0142 j\u0105 przez kolejne pi\u0119\u0107 lat, podczas kt&oacute;rych zasiada\u0142 r&oacute;wnie\u017c w radzie JWT Worldwide.<\/p>\n","protected":false},"excerpt":{"rendered":"Dominic Proctor, wieloletni prezes Mindshare Worldwide, stan\u0105\u0142 na czele  GroupM &#8211; globalnej sieci dom&oacute;w mediowych.","protected":false},"author":1,"featured_media":8783,"comment_status":"open","ping_status":"closed","sticky":false,"template":"","format":"standard","meta":{"csco_display_header_overlay":false,"csco_singular_sidebar":"","csco_page_header_type":"","csco_page_load_nextpost":"","csco_post_video_location":[],"csco_post_video_location_hash":"","csco_post_video_url":"","csco_post_video_bg_start_time":0,"csco_post_video_bg_end_time":0,"footnotes":""},"categories":[5909],"tags":[982,1171,294,831,85],"class_list":{"0":"post-8782","1":"post","2":"type-post","3":"status-publish","4":"format-standard","5":"has-post-thumbnail","7":"category-kariera","8":"tag-kariera","9":"tag-maxus","10":"tag-mec","11":"tag-mediacom","12":"tag-mindshare","13":"cs-entry","14":"cs-video-wrap"},"_links":{"self":[{"href":"https:\/\/mediarun.com\/pl\/wp-json\/wp\/v2\/posts\/8782","targetHints":{"allow":["GET"]}}],"collection":[{"href":"https:\/\/mediarun.com\/pl\/wp-json\/wp\/v2\/posts"}],"about":[{"href":"https:\/\/mediarun.com\/pl\/wp-json\/wp\/v2\/types\/post"}],"author":[{"embeddable":true,"href":"https:\/\/mediarun.com\/pl\/wp-json\/wp\/v2\/users\/1"}],"replies":[{"embeddable":true,"href":"https:\/\/mediarun.com\/pl\/wp-json\/wp\/v2\/comments?post=8782"}],"version-history":[{"count":0,"href":"https:\/\/mediarun.com\/pl\/wp-json\/wp\/v2\/posts\/8782\/revisions"}],"wp:featuredmedia":[{"embeddable":true,"href":"https:\/\/mediarun.com\/pl\/wp-json\/wp\/v2\/media\/8783"}],"wp:attachment":[{"href":"https:\/\/mediarun.com\/pl\/wp-json\/wp\/v2\/media?parent=8782"}],"wp:term":[{"taxonomy":"category","embeddable":true,"href":"https:\/\/mediarun.com\/pl\/wp-json\/wp\/v2\/categories?post=8782"},{"taxonomy":"post_tag","embeddable":true,"href":"https:\/\/mediarun.com\/pl\/wp-json\/wp\/v2\/tags?post=8782"}],"curies":[{"name":"wp","href":"https:\/\/api.w.org\/{rel}","templated":true}]}}