{"id":8694,"date":"2012-02-03T15:58:43","date_gmt":"2012-02-03T14:58:43","guid":{"rendered":"https:\/\/mediarun.com\/index.php\/news-posts\/rusza-nowy-sezon-rozmow-w-toku\/"},"modified":"2012-02-03T15:58:43","modified_gmt":"2012-02-03T14:58:43","slug":"rusza-nowy-sezon-rozmow-w-toku","status":"publish","type":"post","link":"https:\/\/mediarun.com\/pl\/media\/tv\/rusza-nowy-sezon-rozmow-w-toku.html","title":{"rendered":"Rusza nowy sezon &#8222;Rozm\u00f3w w toku&#8221;"},"content":{"rendered":"<p>Ewa Drzyzga wraz z organizacj\u0105 UNICEF odwiedzi Haiti. Chce poruszy\u0107 problem, kt&oacute;ry UNICEF nag\u0142o\u015bni\u0142 tu\u017c po tragicznym trz\u0119sieniu ziemi w 2010 roku &#8211; handel dzie\u0107mi i wymuszone, przyspieszone adopcje.<\/p>\n<p>Poza wyjazdowym odcinkiem, Ewa jak zwykle zaprosi do studia w Krakowie wielu go\u015bci. 28 lutego zostanie wyemitowany dwutysi\u0119czny odcinek programu. Z tej okazji wyst\u0105pi\u0105 w nim wyj\u0105tkowe postaci. Mi\u0119dzy innymi Iranka, Marina Nemat, kt&oacute;rej historia obieg\u0142a ca\u0142y \u015bwiat. Opowie swoj\u0105 przejmuj\u0105c\u0105 histori\u0119 o \u017cyciu w ojczystym Iranie, w pierwszych latach po zwyci\u0119stwie brutalnej rewolucji islamskiej pod wodz\u0105 ajatollaha Chomeiniego.<\/p>\n<p>W styczniu 1982 roku Marina Nemat, w&oacute;wczas szesnastoletnia dziewczyna, zosta\u0142a aresztowana za odmow\u0119 nauki Koranu. By\u0142a poddana torturom i skazana na \u015bmier\u0107 za przest\u0119pstwo polityczne. Trafi\u0142a do ciesz\u0105cego si\u0119 najgorsz\u0105 s\u0142aw\u0105 wi\u0119zienia Evin w Teheranie. Marin\u0119 przes\u0142uchiwa\u0142o dw&oacute;ch stra\u017cnik&oacute;w: jeden pobi\u0142 j\u0105 do nieprzytomno\u015bci, drugi &#8211; Ali &#8211; zakocha\u0142 si\u0119 w niej. Marin\u0119 dzieli\u0142y minuty od \u015bmierci przez rozstrzelanie, gdy Ali &#8211; wykorzystuj\u0105c powi\u0105zania swojej rodziny z Chomeinim &#8211; zabra\u0142 j\u0105 sprzed plutonu egzekucyjnego i doprowadzi\u0142 do zamiany wyroku na do\u017cywotnie wi\u0119zienie. Marina mieszka dzi\u015b w Kanadzie i wyda\u0142a ksi\u0105\u017ck\u0119, kt&oacute;ra z miejsca sta\u0142a si\u0119 bestsellerem.<\/p>\n<p>&#8222;Rozmowy w toku&#8221; ruszaj\u0105 tak\u017ce z nowym cyklem: &#8222;Zdrowie kobiet&#8221;. W pierwszej ods\u0142onie zaproszeni przez Ew\u0119 lekarze zajm\u0105 si\u0119 problemem nietrzymania moczu oraz \u0142uszczyc\u0105.<\/p>\n<p>Nowe odcinki &#8222;Rozm&oacute;w w toku&#8221; na antenie TVN w lutym od poniedzia\u0142ku do pi\u0105tku o godz. 15.55.<\/p>\n","protected":false},"excerpt":{"rendered":"Nowe odcinki, nowi go\u015bcie, nowe historie. Wiosn\u0105 w &#8222;Rozmowach w toku&#8221; Ewa Drzyzga znowu poruszy tematy trudne, ale wa\u017cne.","protected":false},"author":1,"featured_media":8695,"comment_status":"open","ping_status":"closed","sticky":false,"template":"","format":"standard","meta":{"csco_display_header_overlay":false,"csco_singular_sidebar":"","csco_page_header_type":"","csco_page_load_nextpost":"","csco_post_video_location":[],"csco_post_video_location_hash":"","csco_post_video_url":"","csco_post_video_bg_start_time":0,"csco_post_video_bg_end_time":0,"footnotes":""},"categories":[9670],"tags":[98],"class_list":{"0":"post-8694","1":"post","2":"type-post","3":"status-publish","4":"format-standard","5":"has-post-thumbnail","7":"category-tv","8":"tag-tvn","9":"cs-entry","10":"cs-video-wrap"},"_links":{"self":[{"href":"https:\/\/mediarun.com\/pl\/wp-json\/wp\/v2\/posts\/8694","targetHints":{"allow":["GET"]}}],"collection":[{"href":"https:\/\/mediarun.com\/pl\/wp-json\/wp\/v2\/posts"}],"about":[{"href":"https:\/\/mediarun.com\/pl\/wp-json\/wp\/v2\/types\/post"}],"author":[{"embeddable":true,"href":"https:\/\/mediarun.com\/pl\/wp-json\/wp\/v2\/users\/1"}],"replies":[{"embeddable":true,"href":"https:\/\/mediarun.com\/pl\/wp-json\/wp\/v2\/comments?post=8694"}],"version-history":[{"count":0,"href":"https:\/\/mediarun.com\/pl\/wp-json\/wp\/v2\/posts\/8694\/revisions"}],"wp:featuredmedia":[{"embeddable":true,"href":"https:\/\/mediarun.com\/pl\/wp-json\/wp\/v2\/media\/8695"}],"wp:attachment":[{"href":"https:\/\/mediarun.com\/pl\/wp-json\/wp\/v2\/media?parent=8694"}],"wp:term":[{"taxonomy":"category","embeddable":true,"href":"https:\/\/mediarun.com\/pl\/wp-json\/wp\/v2\/categories?post=8694"},{"taxonomy":"post_tag","embeddable":true,"href":"https:\/\/mediarun.com\/pl\/wp-json\/wp\/v2\/tags?post=8694"}],"curies":[{"name":"wp","href":"https:\/\/api.w.org\/{rel}","templated":true}]}}