{"id":85777,"date":"2005-11-05T17:57:25","date_gmt":"2005-11-05T16:57:25","guid":{"rendered":"https:\/\/mediarun.com\/index.php\/news-posts\/radio-maryja-walczy-z-propaganda\/"},"modified":"2005-11-05T17:57:25","modified_gmt":"2005-11-05T16:57:25","slug":"radio-maryja-walczy-z-propaganda","status":"publish","type":"post","link":"https:\/\/mediarun.com\/pl\/media\/radio\/radio-maryja-walczy-z-propaganda.html","title":{"rendered":"Radio Maryja walczy z propagand\u0105"},"content":{"rendered":"<p>Redemptorysta opowiedzia\u0142 o swoim maj\u0105tku zbulwersowany artyku\u0142em w &#8222;Fakcie&#8221;, kt\u00f3ry &#8211; jak sam twierdzi &#8211; napisa\u0142 o tym, \u017ce ma dom w g\u00f3rach z oknami na Tatry S\u0142owackie, w s\u0105siedztwie domu aktora Micha\u0142a \u017bebrowskiego. O. Rydzyk podkre\u015bli\u0142, \u017ce tak jak inni zakonnicy, nie posiada w\u0142asnego maj\u0105tku. &#8211; Je\u017celi na przyk\u0142ad u\u017cywamy takiego sprz\u0119tu jak radio czy telewizja, czy samoch\u00f3d transmisyjny, czy nawet rower, to nie jest moje &#8211; wyja\u015bnia\u0142. &#8211; Jak wyjad\u0119 z Torunia, to \u0142\u00f3\u017cka nie wezm\u0119 ze sob\u0105 tego starego. Nie moje, to jest klasztoru i tutaj w tym klasztorze zostaje.<\/p>\n<p>Dyrektor Radia Maryja stwierdzi\u0142, \u017ce &#8222;ewentualnie&#8221; b\u0119dzie m\u00f3g\u0142 wzi\u0105\u0107 walizk\u0119 i osobiste rzeczy &#8222;bo nikt nie b\u0119dzie mia\u0142 nic przeciwko temu&#8221;. &#8211; A tu m\u00f3wi\u0105: maybacha ma i je\u017adzi, samolot ma, dom teraz ma gdzie\u015b tam, pieni\u0105dze ma. Nawet playboyem mnie zrobili kiedy\u015b &#8211; wymienia\u0142 o. Rydzyk. &#8211; Te\u017c napisali to w gazetach. To po prostu k\u0142amstwo. <\/p>\n<p>Redemptorysta powiedzia\u0142, \u017ce modli si\u0119 za tych, kt\u00f3rzy k\u0142ami\u0105 za &#8222;par\u0119 groszy&#8221;, bo oni te\u017c stan\u0105 na s\u0105dzie ostatecznym. Zaapelowa\u0142 do s\u0142uchaczy swojej stacji, \u017ceby nie powtarzali informacji przekazywanych przez media nieprzyjazne Radiu Maryja. &#8211; Nie b\u0105d\u017amy przed\u0142u\u017ceniem tej propagandy &#8211; wezwa\u0142. &#8211; To jest propaganda leninowsko-goebelsowsko-woltaire&#8217;owska. <\/p>\n<p>O. Rydzyk stwierdzi\u0142, \u017ce od 1997 r. powsta\u0142o 16-17 tys. &#8222;negatywnych, k\u0142amliwych&#8221; artyku\u0142\u00f3w o Radiu Maryja.<\/p>\n<p>&#8211; I my nie mamy prawa dobija\u0107 si\u0119 do s\u0105du, bo te s\u0105dy s\u0105 skorumpowane. Nigdzie bym nie wygra\u0142 &#8211; podkre\u015bli\u0142.<\/p>\n","protected":false},"excerpt":{"rendered":"Ojciec Tadeusz Rydzyk dementuje informacje medi\u00f3w o swoim bogactwie. &#8211; Ja nic nie mam &#8211; stwierdzi\u0142 w nocy z czwartku na pi\u0105tek w Radiu Maryja. &#8211; Jak wyjad\u0119 z Torunia, to wezm\u0119 walizk\u0119 i osobiste rzeczy.","protected":false},"author":1,"featured_media":0,"comment_status":"open","ping_status":"closed","sticky":false,"template":"","format":"standard","meta":{"csco_display_header_overlay":false,"csco_singular_sidebar":"","csco_page_header_type":"","csco_page_load_nextpost":"","csco_post_video_location":[],"csco_post_video_location_hash":"","csco_post_video_url":"","csco_post_video_bg_start_time":0,"csco_post_video_bg_end_time":0,"footnotes":""},"categories":[9672],"tags":[],"class_list":{"0":"post-85777","1":"post","2":"type-post","3":"status-publish","4":"format-standard","6":"category-radio","7":"cs-entry","8":"cs-video-wrap"},"_links":{"self":[{"href":"https:\/\/mediarun.com\/pl\/wp-json\/wp\/v2\/posts\/85777","targetHints":{"allow":["GET"]}}],"collection":[{"href":"https:\/\/mediarun.com\/pl\/wp-json\/wp\/v2\/posts"}],"about":[{"href":"https:\/\/mediarun.com\/pl\/wp-json\/wp\/v2\/types\/post"}],"author":[{"embeddable":true,"href":"https:\/\/mediarun.com\/pl\/wp-json\/wp\/v2\/users\/1"}],"replies":[{"embeddable":true,"href":"https:\/\/mediarun.com\/pl\/wp-json\/wp\/v2\/comments?post=85777"}],"version-history":[{"count":0,"href":"https:\/\/mediarun.com\/pl\/wp-json\/wp\/v2\/posts\/85777\/revisions"}],"wp:attachment":[{"href":"https:\/\/mediarun.com\/pl\/wp-json\/wp\/v2\/media?parent=85777"}],"wp:term":[{"taxonomy":"category","embeddable":true,"href":"https:\/\/mediarun.com\/pl\/wp-json\/wp\/v2\/categories?post=85777"},{"taxonomy":"post_tag","embeddable":true,"href":"https:\/\/mediarun.com\/pl\/wp-json\/wp\/v2\/tags?post=85777"}],"curies":[{"name":"wp","href":"https:\/\/api.w.org\/{rel}","templated":true}]}}