{"id":85776,"date":"2005-11-05T19:14:37","date_gmt":"2005-11-05T18:14:37","guid":{"rendered":"https:\/\/mediarun.com\/index.php\/news-posts\/kisiel-dla-walesy-krauze-i-lisa\/"},"modified":"2005-11-05T19:14:37","modified_gmt":"2005-11-05T18:14:37","slug":"kisiel-dla-walesy-krauze-i-lisa","status":"publish","type":"post","link":"https:\/\/mediarun.com\/pl\/media\/prasa\/kisiel-dla-walesy-krauze-i-lisa.html","title":{"rendered":"Kisiel dla Wa\u0142\u0119sy, Krauze i Lisa"},"content":{"rendered":"<p>O werdykcie kapitu\u0142y poinformowa\u0142 Jan Krzysztof Bielecki. By\u0142ego prezydenta nagrodzono za &#8222;za 25 &#8211; lecie zdrowego rozs\u0105dku z kr\u00f3tkimi tylko przerwami&#8221;, Ryszarda Krauze za to, \u017ce &#8222;zaryzykowa\u0142 swoje pieni\u0105dze&#8221;, a Tomasza Lisa &#8222;za to, \u017ce nie zdradzi\u0142 dziennikarstwa&#8221;.<\/p>\n<p>Nagrod\u0105 Kisiela zostaj\u0105 wyr\u00f3\u017cnione osoby, kt\u00f3re osi\u0105gn\u0119\u0142y szczeg\u00f3lnie wiele w mijaj\u0105cym roku i kt\u00f3rych dzia\u0142alno\u015b\u0107 by\u0142a zgodna z duchem Stefana Kisielewskiego.<\/p>\n<p>Nagrod\u0119 przyznaje kapitu\u0142a, w sk\u0142ad kt\u00f3rej wchodz\u0105 laureaci z lat poprzednich. W jej posiedzeniu, jako go\u015b\u0107 honorowy, udzia\u0142 bierze syn Stefana Kisielewskiego &#8211; Jerzy Kisielewski oraz Marek Kr\u00f3l, redaktor naczelny tygodnika &#8222;Wprost&#8221;.<\/p>\n<p>Tegoroczna uroczysto\u015b\u0107 wr\u0119czenia Nagr\u00f3d Kisiela odb\u0119dzie si\u0119 8 grudnia w kawiarni &#8222;Rozdro\u017ce&#8221;. Organizatorem przedsi\u0119wzi\u0119cia jest redakcja tygodnika &#8222;Wprost&#8221;, kt\u00f3rego Stefan Kisielewski by\u0142 felietonist\u0105.<\/p>\n<p>W 1990 r., w pozna\u0144skiej siedzibie redakcji &#8222;Wprost&#8221;, Stefan Kisielewski po raz pierwszy uhonorowa\u0142 szesnastu wybra\u0144c\u00f3w Nagrodami Kisiela. Pierwsza edycja &#8222;Kisiel\u00f3w&#8221; nie przypomina\u0142a w niczym p\u00f3\u017aniejszych edycji. W nast\u0119pnym roku uroczysto\u015b\u0107 zosta\u0142a przeniesiona do kawiarni &#8222;Rozdro\u017ce&#8221; w Warszawie, gdzie &#8222;pods\u0142uch\u00f3w nie by\u0142o, do domu blisko, a i nazwa by\u0142a adekwatna do charakteru odbywaj\u0105cych si\u0119 tam politycznych dysput&#8221;. Od 1992 r., po \u015bmierci Kisiela, nagrody jego imienia zacz\u0119\u0142a przyznawa\u0107 kapitu\u0142a.<\/p>\n","protected":false},"excerpt":{"rendered":"W sobot\u0119 w siedzibie redakcji tygodnika &#8222;Wprost&#8221; og\u0142oszono nazwiska laureat\u00f3w tegorocznych nagr\u00f3d Kisiela. W kategorii &#8222;Polityk&#8221; wyr\u00f3\u017cniono Lecha Wa\u0142\u0119s\u0119. W kategorii &#8222;Przedsi\u0119biorca&#8221; nagrod\u0119 przyznano Ryszardowi Krauze. Natomiast w kategorii &#8222;Publicysta&#8221; nagrod\u0119 otrzyma\u0142 Tomasz Lis.","protected":false},"author":1,"featured_media":0,"comment_status":"open","ping_status":"closed","sticky":false,"template":"","format":"standard","meta":{"csco_display_header_overlay":false,"csco_singular_sidebar":"","csco_page_header_type":"","csco_page_load_nextpost":"","csco_post_video_location":[],"csco_post_video_location_hash":"","csco_post_video_url":"","csco_post_video_bg_start_time":0,"csco_post_video_bg_end_time":0,"footnotes":""},"categories":[9673],"tags":[],"class_list":{"0":"post-85776","1":"post","2":"type-post","3":"status-publish","4":"format-standard","6":"category-prasa","7":"cs-entry","8":"cs-video-wrap"},"_links":{"self":[{"href":"https:\/\/mediarun.com\/pl\/wp-json\/wp\/v2\/posts\/85776","targetHints":{"allow":["GET"]}}],"collection":[{"href":"https:\/\/mediarun.com\/pl\/wp-json\/wp\/v2\/posts"}],"about":[{"href":"https:\/\/mediarun.com\/pl\/wp-json\/wp\/v2\/types\/post"}],"author":[{"embeddable":true,"href":"https:\/\/mediarun.com\/pl\/wp-json\/wp\/v2\/users\/1"}],"replies":[{"embeddable":true,"href":"https:\/\/mediarun.com\/pl\/wp-json\/wp\/v2\/comments?post=85776"}],"version-history":[{"count":0,"href":"https:\/\/mediarun.com\/pl\/wp-json\/wp\/v2\/posts\/85776\/revisions"}],"wp:attachment":[{"href":"https:\/\/mediarun.com\/pl\/wp-json\/wp\/v2\/media?parent=85776"}],"wp:term":[{"taxonomy":"category","embeddable":true,"href":"https:\/\/mediarun.com\/pl\/wp-json\/wp\/v2\/categories?post=85776"},{"taxonomy":"post_tag","embeddable":true,"href":"https:\/\/mediarun.com\/pl\/wp-json\/wp\/v2\/tags?post=85776"}],"curies":[{"name":"wp","href":"https:\/\/api.w.org\/{rel}","templated":true}]}}