{"id":85766,"date":"2005-11-06T22:57:11","date_gmt":"2005-11-06T21:57:11","guid":{"rendered":"https:\/\/mediarun.com\/index.php\/news-posts\/wysokie-wymagania-tvp2\/"},"modified":"2005-11-06T22:57:11","modified_gmt":"2005-11-06T21:57:11","slug":"wysokie-wymagania-tvp2","status":"publish","type":"post","link":"https:\/\/mediarun.com\/pl\/media\/tv\/wysokie-wymagania-tvp2.html","title":{"rendered":"Wysokie wymagania TVP2"},"content":{"rendered":"<p>Redakcja serwisu dosta\u0142a czas na zwi\u0119kszenie widowni programu informacyjnego. Je\u015bli do ko\u0144ca miesi\u0105ca za\u0142odze &#8222;Panoramy&#8221; nie uda si\u0119 zrealizowa\u0107 postanowionego przy dyrekcj\u0119 celu, dziennik czekaj\u0105 powa\u017cne kadrowe zmiany.<\/p>\n<p>Z podobnymi k\u0142opotami musz\u0105 zmaga\u0107 si\u0119 tak\u017ce tw\u00f3rcy innych program\u00f3w. Nadawana w TVP2 pocz\u0105wszy od wrze\u015bnia &#8222;Konfrontacja&#8221; Sylwestra Latkowskiego, pomimo zadawalaj\u0105cych wynik\u00f3w nie ma sta\u0142ej d\u0142ugo\u015bci, jej miejsce w ram\u00f3wce nie jest pewne.<\/p>\n<p>-Za ka\u017cdym razem musz\u0119 wyst\u0119powa\u0107 do dyrekcji z pro\u015bb\u0105 o okre\u015blon\u0105 ilo\u015b\u0107 czasu antenowego. Cho\u0107 na pocz\u0105tku wsp\u00f3\u0142pracy ustalili\u015bmy wst\u0119pny terminarz  &#8222;Konfrontacji&#8221;, ju\u017c dzi\u015b wiadomo, \u017ce emisja grudniowego odcinka programu zostanie przesuni\u0119ta. Trudno mi zrozumie\u0107 ruchy TVP- powiedzia\u0142 w rozmowie z nami tw\u00f3rca audycji.<\/p>\n<p>Motorem nap\u0119dowym ram\u00f3wki Dw\u00f3jki s\u0105 seriale i rozrywka. Stacja inwestuje w produkcje podobnego przekroju, kt\u00f3re pomimo intensywnej promocji nie mog\u0105 powt\u00f3rzy\u0107 sukcesu hit\u00f3w programowych kana\u0142u. Z anteny zdj\u0119te zosta\u0142y &#8222;Talki z Reszt\u0105&#8221;, a przesz\u0142o trzymilionowa ogl\u0105dalno\u015b\u0107 masowej i drogiej produkcji&#8222;Za\u0142\u00f3\u017c si\u0119&#8221; jedynie cz\u0119\u015bciowo spe\u0142nia du\u017ce ambicje kana\u0142u. Program z odcinka na odcinek jest udoskonalany.<\/p>\n","protected":false},"excerpt":{"rendered":"Telewizyjna Dw\u00f3jka nie jest zadowolona z wynik\u00f3w ogl\u0105dalno\u015bci swojego wieczornego pasma programowego. Stacja \u017c\u0105da poprawy udzia\u0142\u00f3w notowanych przez &#8222;Panoram\u0119&#8221;, kt\u00f3ra dzi\u0119ki metamorfozie mia\u0142a korzystnie wp\u0142yn\u0105\u0107 na raitingi nadawanych po niej pozycji.","protected":false},"author":1,"featured_media":85767,"comment_status":"open","ping_status":"closed","sticky":false,"template":"","format":"standard","meta":{"csco_display_header_overlay":false,"csco_singular_sidebar":"","csco_page_header_type":"","csco_page_load_nextpost":"","csco_post_video_location":[],"csco_post_video_location_hash":"","csco_post_video_url":"","csco_post_video_bg_start_time":0,"csco_post_video_bg_end_time":0,"footnotes":""},"categories":[9670],"tags":[],"class_list":{"0":"post-85766","1":"post","2":"type-post","3":"status-publish","4":"format-standard","5":"has-post-thumbnail","7":"category-tv","8":"cs-entry","9":"cs-video-wrap"},"_links":{"self":[{"href":"https:\/\/mediarun.com\/pl\/wp-json\/wp\/v2\/posts\/85766","targetHints":{"allow":["GET"]}}],"collection":[{"href":"https:\/\/mediarun.com\/pl\/wp-json\/wp\/v2\/posts"}],"about":[{"href":"https:\/\/mediarun.com\/pl\/wp-json\/wp\/v2\/types\/post"}],"author":[{"embeddable":true,"href":"https:\/\/mediarun.com\/pl\/wp-json\/wp\/v2\/users\/1"}],"replies":[{"embeddable":true,"href":"https:\/\/mediarun.com\/pl\/wp-json\/wp\/v2\/comments?post=85766"}],"version-history":[{"count":0,"href":"https:\/\/mediarun.com\/pl\/wp-json\/wp\/v2\/posts\/85766\/revisions"}],"wp:featuredmedia":[{"embeddable":true,"href":"https:\/\/mediarun.com\/pl\/wp-json\/wp\/v2\/media\/85767"}],"wp:attachment":[{"href":"https:\/\/mediarun.com\/pl\/wp-json\/wp\/v2\/media?parent=85766"}],"wp:term":[{"taxonomy":"category","embeddable":true,"href":"https:\/\/mediarun.com\/pl\/wp-json\/wp\/v2\/categories?post=85766"},{"taxonomy":"post_tag","embeddable":true,"href":"https:\/\/mediarun.com\/pl\/wp-json\/wp\/v2\/tags?post=85766"}],"curies":[{"name":"wp","href":"https:\/\/api.w.org\/{rel}","templated":true}]}}