{"id":85764,"date":"2005-11-06T23:13:32","date_gmt":"2005-11-06T22:13:32","guid":{"rendered":"https:\/\/mediarun.com\/index.php\/news-posts\/zainteresowanie-tour-de-pologne\/"},"modified":"2005-11-06T23:13:32","modified_gmt":"2005-11-06T22:13:32","slug":"zainteresowanie-tour-de-pologne","status":"publish","type":"post","link":"https:\/\/mediarun.com\/pl\/media\/tv\/zainteresowanie-tour-de-pologne.html","title":{"rendered":"Zainteresowanie Tour de Pologne"},"content":{"rendered":"<p>Oko\u0142o 50 tys. os\u00f3b ogl\u0105da\u0142o zmagania kolarzy z 20 najlepszych dru\u017cyn \u015bwiata na stronie Telewizji Interaktywnej www.itvp.pl. We wrze\u015bniu i pa\u017adzierniku relacje zwi\u0105zane z wy\u015bcigiem zainteresowa\u0142y w sumie 400 tys. internaut\u00f3w. <\/p>\n<p>Dzi\u0119ki sprzeda\u017cy praw przez TVP stacji Sport+ po raz pierwszy Tour de Pologne mogli ogl\u0105da\u0107 telewidzowie z innych kraj\u00f3w &#8211; Francji i 45 afryka\u0144skich. Informacje z wy\u015bcigu ukazywa\u0142y si\u0119 m.in. w Eurosporcie.<\/p>\n<p>Szacuje si\u0119, \u017ce bezpo\u015brednio wy\u015bcig organizowany przez Lang Team obserwowa\u0142o ponad 1,5 mln os\u00f3b.<\/p>\n","protected":false},"excerpt":{"rendered":"Telewizja Polska poinformowa\u0142a, \u017ce rozegrany w dniach 11 &#8211; 18 wrze\u015bnia 62. wy\u015bcig Tour de Pologne cieszy\u0142 si\u0119 du\u017cym zainteresowaniem telewidz\u00f3w i kibic\u00f3w. \u0141\u0105czna widownia transmisji w TVP1, TVP3 Regionalnej i TV Polonia wynios\u0142a 22 mln os\u00f3b.","protected":false},"author":1,"featured_media":85765,"comment_status":"open","ping_status":"closed","sticky":false,"template":"","format":"standard","meta":{"csco_display_header_overlay":false,"csco_singular_sidebar":"","csco_page_header_type":"","csco_page_load_nextpost":"","csco_post_video_location":[],"csco_post_video_location_hash":"","csco_post_video_url":"","csco_post_video_bg_start_time":0,"csco_post_video_bg_end_time":0,"footnotes":""},"categories":[9670],"tags":[],"class_list":{"0":"post-85764","1":"post","2":"type-post","3":"status-publish","4":"format-standard","5":"has-post-thumbnail","7":"category-tv","8":"cs-entry","9":"cs-video-wrap"},"_links":{"self":[{"href":"https:\/\/mediarun.com\/pl\/wp-json\/wp\/v2\/posts\/85764","targetHints":{"allow":["GET"]}}],"collection":[{"href":"https:\/\/mediarun.com\/pl\/wp-json\/wp\/v2\/posts"}],"about":[{"href":"https:\/\/mediarun.com\/pl\/wp-json\/wp\/v2\/types\/post"}],"author":[{"embeddable":true,"href":"https:\/\/mediarun.com\/pl\/wp-json\/wp\/v2\/users\/1"}],"replies":[{"embeddable":true,"href":"https:\/\/mediarun.com\/pl\/wp-json\/wp\/v2\/comments?post=85764"}],"version-history":[{"count":0,"href":"https:\/\/mediarun.com\/pl\/wp-json\/wp\/v2\/posts\/85764\/revisions"}],"wp:featuredmedia":[{"embeddable":true,"href":"https:\/\/mediarun.com\/pl\/wp-json\/wp\/v2\/media\/85765"}],"wp:attachment":[{"href":"https:\/\/mediarun.com\/pl\/wp-json\/wp\/v2\/media?parent=85764"}],"wp:term":[{"taxonomy":"category","embeddable":true,"href":"https:\/\/mediarun.com\/pl\/wp-json\/wp\/v2\/categories?post=85764"},{"taxonomy":"post_tag","embeddable":true,"href":"https:\/\/mediarun.com\/pl\/wp-json\/wp\/v2\/tags?post=85764"}],"curies":[{"name":"wp","href":"https:\/\/api.w.org\/{rel}","templated":true}]}}