{"id":85741,"date":"2005-11-07T06:00:00","date_gmt":"2005-11-07T05:00:00","guid":{"rendered":"https:\/\/mediarun.com\/index.php\/news-posts\/gugala-w-tok-fm\/"},"modified":"2005-11-07T06:00:00","modified_gmt":"2005-11-07T05:00:00","slug":"gugala-w-tok-fm","status":"publish","type":"post","link":"https:\/\/mediarun.com\/pl\/ludzie\/awanse\/gugala-w-tok-fm.html","title":{"rendered":"Guga\u0142a w Tok FM"},"content":{"rendered":"<p><P>prowadzi\u0142 Rafa\u0142 A. Ziemkiewicz.<\/P><br \/>\n<P>&#8211; Zaproponowa\u0142am wsp\u00f3\u0142prac\u0119 Jaros\u0142awowi Gugale, bo chcia\u0142am, by do naszego zespo\u0142u do\u0142\u0105czy\u0142 znany i do\u015bwiadczony dziennikarz &#8211; m\u00f3wi Ewa Wanat, redaktor naczelna radia Tok FM. <\/P><br \/>\n<P>&#8211;&nbsp;To jest bardzo ciekawe i presti\u017cowe radio, a propozycja poprowadzenia w nim programu bardzo mnie ucieszy\u0142a&nbsp;&#8211; m\u00f3wi Guga\u0142a, na co dzie\u0144 prowadz\u0105cy &#8222;Wydarzenia&#8221; w Polsacie. Zapowiada, \u017ce nie zamierza rezygnowa\u0107 z pracy w tej stacji.<\/P><br \/>\n<P>Ze wsp\u00f3\u0142pracy z Ziemkiewiczem rozg\u0142o\u015bnia zrezygnowa\u0142a na pocz\u0105tku pa\u017adziernika. Powodem by\u0142 komentarz Ziemkiewicza na antenie dotycz\u0105cy jego sporu z Adamem Michnikiem, redaktorem naczelnym Gazety Wyborczej (Agora SA). Obecnie Ziemkiewicz prowadzi program publicystyczny w nowej sieci Radio Vox FM.<\/P><\/p>\n","protected":false},"excerpt":{"rendered":"Jaros\u0142aw Guga\u0142a poprowadzi we wtorki poranne programy w radiu Tok FM. Prac\u0119 rozpocznie 8 listopada. Dotychczas to pasmo&#8230;","protected":false},"author":1,"featured_media":85742,"comment_status":"open","ping_status":"closed","sticky":false,"template":"","format":"standard","meta":{"csco_display_header_overlay":false,"csco_singular_sidebar":"","csco_page_header_type":"","csco_page_load_nextpost":"","csco_post_video_location":[],"csco_post_video_location_hash":"","csco_post_video_url":"","csco_post_video_bg_start_time":0,"csco_post_video_bg_end_time":0,"footnotes":""},"categories":[9678],"tags":[],"class_list":{"0":"post-85741","1":"post","2":"type-post","3":"status-publish","4":"format-standard","5":"has-post-thumbnail","7":"category-awanse","8":"cs-entry","9":"cs-video-wrap"},"_links":{"self":[{"href":"https:\/\/mediarun.com\/pl\/wp-json\/wp\/v2\/posts\/85741","targetHints":{"allow":["GET"]}}],"collection":[{"href":"https:\/\/mediarun.com\/pl\/wp-json\/wp\/v2\/posts"}],"about":[{"href":"https:\/\/mediarun.com\/pl\/wp-json\/wp\/v2\/types\/post"}],"author":[{"embeddable":true,"href":"https:\/\/mediarun.com\/pl\/wp-json\/wp\/v2\/users\/1"}],"replies":[{"embeddable":true,"href":"https:\/\/mediarun.com\/pl\/wp-json\/wp\/v2\/comments?post=85741"}],"version-history":[{"count":0,"href":"https:\/\/mediarun.com\/pl\/wp-json\/wp\/v2\/posts\/85741\/revisions"}],"wp:featuredmedia":[{"embeddable":true,"href":"https:\/\/mediarun.com\/pl\/wp-json\/wp\/v2\/media\/85742"}],"wp:attachment":[{"href":"https:\/\/mediarun.com\/pl\/wp-json\/wp\/v2\/media?parent=85741"}],"wp:term":[{"taxonomy":"category","embeddable":true,"href":"https:\/\/mediarun.com\/pl\/wp-json\/wp\/v2\/categories?post=85741"},{"taxonomy":"post_tag","embeddable":true,"href":"https:\/\/mediarun.com\/pl\/wp-json\/wp\/v2\/tags?post=85741"}],"curies":[{"name":"wp","href":"https:\/\/api.w.org\/{rel}","templated":true}]}}