{"id":85737,"date":"2005-11-07T06:00:00","date_gmt":"2005-11-07T05:00:00","guid":{"rendered":"https:\/\/mediarun.com\/index.php\/news-posts\/tvp-wplynela-na-wybory\/"},"modified":"2005-11-07T06:00:00","modified_gmt":"2005-11-07T05:00:00","slug":"tvp-wplynela-na-wybory","status":"publish","type":"post","link":"https:\/\/mediarun.com\/pl\/trendy\/badania\/tvp-wplynela-na-wybory.html","title":{"rendered":"TVP wp\u0142yn\u0119\u0142a na wybory"},"content":{"rendered":"<p><P>przeprowadzonego mi\u0119dzy 5 a 23 pa\u017adziernika.<\/P><br \/>\n<P>Z sonda\u017cu wynika, \u017ce przynajmniej jedn\u0105 audycj\u0119 po\u015bwi\u0119con\u0105 wyborom obejrza\u0142o w TVP 81 proc. Polak\u00f3w. Najwy\u017csz\u0105 widowni\u0119 zdoby\u0142y debaty &#8222;Prezydent dla Polski&#8221; i &#8222;Wieczory Wyborcze&#8221;. <\/P><br \/>\n<P>Od 5 wrze\u015bnia do 23 pa\u017adziernika TVP nada\u0142a 984 programy po\u015bwi\u0119cone wyborom parlamentarnym i prezydenckim, w tym 231 audycji w\u0142asnych &#8211; wynika ze statystyki przes\u0142anej PAP w pi\u0105tek przez odpowiedzialnego za przebieg wybor\u00f3w w TVP Jaros\u0142awa Szczepa\u0144skiego. <\/P><br \/>\n<P>TVP wyemitowa\u0142a 206 godzin obowi\u0105zkowych audycji wyborczych przed wyborami parlamentarnymi i prezydenckimi. Ogl\u0105da\u0142 je niemal co drugi Polak.<\/P><br \/>\n<P>Wed\u0142ug danych udost\u0119pnionych PAP przez Biuro Reklamy TVP, z mo\u017cliwo\u015bci wykupienia p\u0142atnych reklam wyborczych w czasie kampanii wyborczej prezydenckiej (kampania ta, zgodnie z prawem rozpocz\u0119\u0142a si\u0119 15 dni przed wyborami prezydenckimi) skorzysta\u0142o tylko 4 kandydat\u00f3w &#8211; Henryka Bochniarz (Partia Demokratyczna demokraci.pl), Maciej Giertych (LPR), Lech Kaczy\u0144ski (PiS) oraz Donald Tusk (PO).<\/P><br \/>\n<P>Najwi\u0119cej, bo 60 reklam wyborczych, wykupi\u0142 sztab Tuska. Za \u0142\u0105cznie 25 minut zap\u0142aci\u0142 prawie 501 tys. z\u0142. PiS za mniej, bo 22 minuty og\u0142osze\u0144 wyborczych, ale w najlepszym czasie ogl\u0105dalno\u015bci, zap\u0142aci\u0142 ponad 582 tys. z\u0142. <\/P><\/p>\n","protected":false},"excerpt":{"rendered":"Co czwarty Polak pod wp\u0142ywem program\u00f3w TVP podejmowa\u0142 decyzje wyborcze &#8211; wynika z sonda\u017cu TNS OBOP dla TVP&#8230;","protected":false},"author":1,"featured_media":85738,"comment_status":"open","ping_status":"closed","sticky":false,"template":"","format":"standard","meta":{"csco_display_header_overlay":false,"csco_singular_sidebar":"","csco_page_header_type":"","csco_page_load_nextpost":"","csco_post_video_location":[],"csco_post_video_location_hash":"","csco_post_video_url":"","csco_post_video_bg_start_time":0,"csco_post_video_bg_end_time":0,"footnotes":""},"categories":[9662],"tags":[],"class_list":{"0":"post-85737","1":"post","2":"type-post","3":"status-publish","4":"format-standard","5":"has-post-thumbnail","7":"category-badania","8":"cs-entry","9":"cs-video-wrap"},"_links":{"self":[{"href":"https:\/\/mediarun.com\/pl\/wp-json\/wp\/v2\/posts\/85737","targetHints":{"allow":["GET"]}}],"collection":[{"href":"https:\/\/mediarun.com\/pl\/wp-json\/wp\/v2\/posts"}],"about":[{"href":"https:\/\/mediarun.com\/pl\/wp-json\/wp\/v2\/types\/post"}],"author":[{"embeddable":true,"href":"https:\/\/mediarun.com\/pl\/wp-json\/wp\/v2\/users\/1"}],"replies":[{"embeddable":true,"href":"https:\/\/mediarun.com\/pl\/wp-json\/wp\/v2\/comments?post=85737"}],"version-history":[{"count":0,"href":"https:\/\/mediarun.com\/pl\/wp-json\/wp\/v2\/posts\/85737\/revisions"}],"wp:featuredmedia":[{"embeddable":true,"href":"https:\/\/mediarun.com\/pl\/wp-json\/wp\/v2\/media\/85738"}],"wp:attachment":[{"href":"https:\/\/mediarun.com\/pl\/wp-json\/wp\/v2\/media?parent=85737"}],"wp:term":[{"taxonomy":"category","embeddable":true,"href":"https:\/\/mediarun.com\/pl\/wp-json\/wp\/v2\/categories?post=85737"},{"taxonomy":"post_tag","embeddable":true,"href":"https:\/\/mediarun.com\/pl\/wp-json\/wp\/v2\/tags?post=85737"}],"curies":[{"name":"wp","href":"https:\/\/api.w.org\/{rel}","templated":true}]}}