{"id":85722,"date":"2005-11-07T09:01:03","date_gmt":"2005-11-07T08:01:03","guid":{"rendered":"https:\/\/mediarun.com\/index.php\/news-posts\/nowy-cykl-papieski-gazety-wyborczej\/"},"modified":"2005-11-07T09:01:03","modified_gmt":"2005-11-07T08:01:03","slug":"nowy-cykl-papieski-gazety-wyborczej","status":"publish","type":"post","link":"https:\/\/mediarun.com\/pl\/media\/prasa\/nowy-cykl-papieski-gazety-wyborczej.html","title":{"rendered":"Nowy cykl papieski Gazety Wyborczej"},"content":{"rendered":"<p>Cykl b\u0119dzie liczy\u0142 15 zeszyt\u00f3w i b\u0119dzie zawiera\u0142 informacje i om\u00f3wienia najistotniejszych w\u0105tk\u00f3w papieskiego nauczania np. Polska, Komunizm, M\u0142odzie\u017c. <\/p>\n<p>Nowy cykl stanowi kontynuacj\u0119 i uzupe\u0142nienie poprzedniego &#8211; Nasz Papie\u017c &#8211; Kronika pontyfikatu, kt\u00f3ry, od maja br., w kolejnych 27 zeszytach prezentowa\u0142 najwa\u017cniejsze wydarzenia z okresu sprawowania urz\u0119du przez Jana Paw\u0142a II. Ostatni zeszyt Kroniki uka\u017ce si\u0119 we czwartek 17 listopada. <\/p>\n<p>Pierwszy cykl papieski odni\u00f3s\u0142 olbrzymi sukces i spowodowa\u0142 znaczne wzrosty sprzeda\u017cy &#8222;Gazety Wyborczej&#8221; w czwartki. <\/p>\n<p>Zeszyty Najwa\u017cniejszych temat\u00f3w pontyfikatu czytelnicy b\u0119d\u0105 mogli wpina\u0107 do segregatora pierwszej serii.<\/p>\n<p>Druga seria papieska b\u0119dzie wspierana kampani\u0105 reklamow\u0105 w radiu, telewizji i outdoorze. Za obie cz\u0119\u015bci papieskiego projektu odpowiadaj\u0105 i realizuj\u0105 go: Beata Jaworowska i Zbigniew Pendel z dzia\u0142u promocji &#8222;Gazety Wyborczej&#8221;.<\/p>\n","protected":false},"excerpt":{"rendered":"Od czwartku, 24 listopada &#8222;Gazeta Wyborcza&#8221; rozpoczyna publikacj\u0119 nowego bezp\u0142atnego cyklu dodatk\u00f3w o tematyce papieskiej &#8211; Najwa\u017cniejsze tematy pontyfikatu Jana Paw\u0142a II.","protected":false},"author":1,"featured_media":0,"comment_status":"open","ping_status":"closed","sticky":false,"template":"","format":"standard","meta":{"csco_display_header_overlay":false,"csco_singular_sidebar":"","csco_page_header_type":"","csco_page_load_nextpost":"","csco_post_video_location":[],"csco_post_video_location_hash":"","csco_post_video_url":"","csco_post_video_bg_start_time":0,"csco_post_video_bg_end_time":0,"footnotes":""},"categories":[9673],"tags":[],"class_list":{"0":"post-85722","1":"post","2":"type-post","3":"status-publish","4":"format-standard","6":"category-prasa","7":"cs-entry","8":"cs-video-wrap"},"_links":{"self":[{"href":"https:\/\/mediarun.com\/pl\/wp-json\/wp\/v2\/posts\/85722","targetHints":{"allow":["GET"]}}],"collection":[{"href":"https:\/\/mediarun.com\/pl\/wp-json\/wp\/v2\/posts"}],"about":[{"href":"https:\/\/mediarun.com\/pl\/wp-json\/wp\/v2\/types\/post"}],"author":[{"embeddable":true,"href":"https:\/\/mediarun.com\/pl\/wp-json\/wp\/v2\/users\/1"}],"replies":[{"embeddable":true,"href":"https:\/\/mediarun.com\/pl\/wp-json\/wp\/v2\/comments?post=85722"}],"version-history":[{"count":0,"href":"https:\/\/mediarun.com\/pl\/wp-json\/wp\/v2\/posts\/85722\/revisions"}],"wp:attachment":[{"href":"https:\/\/mediarun.com\/pl\/wp-json\/wp\/v2\/media?parent=85722"}],"wp:term":[{"taxonomy":"category","embeddable":true,"href":"https:\/\/mediarun.com\/pl\/wp-json\/wp\/v2\/categories?post=85722"},{"taxonomy":"post_tag","embeddable":true,"href":"https:\/\/mediarun.com\/pl\/wp-json\/wp\/v2\/tags?post=85722"}],"curies":[{"name":"wp","href":"https:\/\/api.w.org\/{rel}","templated":true}]}}