{"id":85720,"date":"2005-11-07T09:18:41","date_gmt":"2005-11-07T08:18:41","guid":{"rendered":"https:\/\/mediarun.com\/index.php\/news-posts\/pis-zmieni-regulatorow-medialnych\/"},"modified":"2005-11-07T09:18:41","modified_gmt":"2005-11-07T08:18:41","slug":"pis-zmieni-regulatorow-medialnych","status":"publish","type":"post","link":"https:\/\/mediarun.com\/pl\/media\/tv\/pis-zmieni-regulatorow-medialnych.html","title":{"rendered":"PiS zmieni regulator\u00f3w medialnych"},"content":{"rendered":"<p>Pose\u0142 PiS Antoni M\u0119\u017cyd\u0142o poinformowa\u0142 nas, \u017ce ju\u017c w przysz\u0142ym tygodniu do laski marsza\u0142kowskiej trafi zawieraj\u0105cy takie zapisy poselski projekt ustawy. &#8211; Chcia\u0142bym, by pracom nad projektem nadano tryb pilny &#8211; powiedzia\u0142 &#8222;Gazecie&#8221; M\u0119\u017cyd\u0142o, kt\u00f3ry w PiS odpowiada za sprawy zwi\u0105zane z rynkiem telekomunikacyjnym.<\/p>\n<p>&#8211; Najpierw jednak trzeba usun\u0105\u0107 szefa URTiP-u Witolda Grabosia z SLD, kt\u00f3rego PiS od dawna krytykuje za hamowanie liberalizacji i pob\u0142a\u017cliwo\u015b\u0107 wobec TP SA. Jako kandydatk\u0119 na jego stanowisko wymienia si\u0119 eksperta z tej bran\u017cy Ann\u0119 Stre\u017cy\u0144sk\u0105 z Instytutu Bada\u0144 nad Gospodark\u0105 Rynkow\u0105. &#8211; donosi &#8222;Gazeta Wyborcza&#8221;<\/p>\n<p>&#8211; Jak jednak odwo\u0142a\u0107 Grabosia, skoro jego pi\u0119cioletnia kadencja mija dopiero za p\u00f3\u0142tora roku? Prezesa tego urz\u0119du mo\u017cna usun\u0105\u0107 tylko wtedy, gdy choroba nie pozwala mu sprawowa\u0107 obowi\u0105zk\u00f3w lub ra\u017c\u0105co naruszy\u0142 prawo.  Wyj\u015bciem jest zmiana nazwy urz\u0119du. W miejsce URTiP powstanie UKE i ten formalnie nowy urz\u0105d b\u0119dzie mia\u0142 nowego szefa. Podobnie sprytnie post\u0105pi\u0142 niespe\u0142na cztery lata temu SLD, pozbywaj\u0105c si\u0119 poprzednika Grabosia &#8211; Kazimierza Ferenca z AWS. Znowelizowano w\u00f3wczas ustaw\u0119, na mocy kt\u00f3rej powo\u0142ano URTiP. Dodaj\u0105c do \u00f3wczesnego Urz\u0119du Regulacji Telekomunikacji s\u0142\u00f3wko &#8222;i Poczty&#8221; stworzono nowy urz\u0105d z nowym prezesem. Teraz poczta ma pozosta\u0107 w kompetencji UKE, bo &#8211; jak przekonuje Antoni M\u0119\u017cyd\u0142o z PiS nie ma sensu powo\u0142ywa\u0107 dla niej oddzielnego regulatora. &#8211; czytamy w &#8222;Gazecie Wyborczej&#8221;<\/p>\n","protected":false},"excerpt":{"rendered":"Do ko\u0144ca roku miejsce Urz\u0119du Regulacji Telekomunikacji i Poczty ma zaj\u0105\u0107 Urz\u0105d Komunikacji Elektronicznej i szybko wymusi\u0107 wi\u0119ksz\u0105 konkurencj\u0119 oraz spadek cen us\u0142ug. Z kolei Krajowa Rada Radiofonii i Telewizji zostanie drastycznie zredukowana, a nast\u0119pnie zlikwidowana &#8211; informuje &#8222;Gazeta Wyborcza&#8221;","protected":false},"author":1,"featured_media":0,"comment_status":"open","ping_status":"closed","sticky":false,"template":"","format":"standard","meta":{"csco_display_header_overlay":false,"csco_singular_sidebar":"","csco_page_header_type":"","csco_page_load_nextpost":"","csco_post_video_location":[],"csco_post_video_location_hash":"","csco_post_video_url":"","csco_post_video_bg_start_time":0,"csco_post_video_bg_end_time":0,"footnotes":""},"categories":[9670],"tags":[],"class_list":{"0":"post-85720","1":"post","2":"type-post","3":"status-publish","4":"format-standard","6":"category-tv","7":"cs-entry","8":"cs-video-wrap"},"_links":{"self":[{"href":"https:\/\/mediarun.com\/pl\/wp-json\/wp\/v2\/posts\/85720","targetHints":{"allow":["GET"]}}],"collection":[{"href":"https:\/\/mediarun.com\/pl\/wp-json\/wp\/v2\/posts"}],"about":[{"href":"https:\/\/mediarun.com\/pl\/wp-json\/wp\/v2\/types\/post"}],"author":[{"embeddable":true,"href":"https:\/\/mediarun.com\/pl\/wp-json\/wp\/v2\/users\/1"}],"replies":[{"embeddable":true,"href":"https:\/\/mediarun.com\/pl\/wp-json\/wp\/v2\/comments?post=85720"}],"version-history":[{"count":0,"href":"https:\/\/mediarun.com\/pl\/wp-json\/wp\/v2\/posts\/85720\/revisions"}],"wp:attachment":[{"href":"https:\/\/mediarun.com\/pl\/wp-json\/wp\/v2\/media?parent=85720"}],"wp:term":[{"taxonomy":"category","embeddable":true,"href":"https:\/\/mediarun.com\/pl\/wp-json\/wp\/v2\/categories?post=85720"},{"taxonomy":"post_tag","embeddable":true,"href":"https:\/\/mediarun.com\/pl\/wp-json\/wp\/v2\/tags?post=85720"}],"curies":[{"name":"wp","href":"https:\/\/api.w.org\/{rel}","templated":true}]}}