{"id":85719,"date":"2005-11-07T09:28:03","date_gmt":"2005-11-07T08:28:03","guid":{"rendered":"https:\/\/mediarun.com\/index.php\/news-posts\/nie-placimy-abonamentu\/"},"modified":"2005-11-07T09:28:03","modified_gmt":"2005-11-07T08:28:03","slug":"nie-placimy-abonamentu","status":"publish","type":"post","link":"https:\/\/mediarun.com\/pl\/media\/tv\/nie-placimy-abonamentu.html","title":{"rendered":"Nie p\u0142acimy abonamentu"},"content":{"rendered":"<p>&#8222;Prawo zobowi\u0105zuje do p\u0142acenia abonamentu na rzecz publicznych medi\u00f3w wszystkich posiadaczy odbiornik\u00f3w telewizyjnych i radiowych. Ale w praktyce nic nie grozi za z\u0142amanie zakazu. Poczta Polska, kt\u00f3ra pobiera 6-proc. prowizj\u0119, sporadycznie kontroluje jego op\u0142acanie. Z tego powodu spo\u015br\u00f3d 13,4 mln gospodarstw domowych zarejestrowane odbiorniki RTV majedynie dwie trzecie, czyli 9 mln. Z tej liczby a\u017c 2,8 mln jest zwolnionych z p\u0142acenia abonamentu s\u0105 to min. inwalidzi I grupy, osoby g\u0142uche i po 75. roku \u017cycia. W\u015br\u00f3d pozosta\u0142ych ch\u0119\u0107 p\u0142acenia daniny na rzecz medi\u00f3w publicznych spada 1,4 min gospodarstw zalega z op\u0142atami powy\u017cej 6 miesi\u0119cy. Zaleg\u0142o\u015bci z tego tytulu si\u0119gaj\u0105 ju\u017c 512 mln z\u0142!&#8221; &#8211; informuje Rzeczpospolita.<br \/>\n&#8222;Wed\u0142ug przewodnicz\u0105cej KRRiT Danuty Waniek, spadek wp\u0142yw\u00f3w abonamentowych ma kilka przyczyn. Powoli wymiera ta generacja, kt\u00f3ra p\u0142aci\u0142a, bo z r\u00f3\u017cnych powod\u00f3w ba\u0142a si\u0119 pa\u0144stwa. Mieszka\u0144cy nowych osiedli rzadko rejestruj\u0105 telewizory, cz\u0119sto nawet nie wiedz\u0105, \u017ce powinni t\u0142umaczy. Jej zdaniem, winni s\u0105 te\u017c politycy. Publiczne wypowiedzi lider\u00f3w PO, w kt\u00f3rych m\u00f3wili, \u017ce abonament jest niepotrzebny i zlikwiduj\u0105 go po wyborach, nie pozosta\u0142y bez echa uwa\u017ca. KRRiT narzeka te\u017c na Poczt\u0119 Polsk\u0105.&#8221; &#8211; pisze Rzeczpospolita.<\/p>\n<p>&#8222;Przewodnicz\u0105cy Rady Nadzorczej Polskiego Radia Jan Kidawa-B\u0142o\u0144ski z niepokojem przygl\u0105da si\u0119 spadkowi wp\u0142yw\u00f3w Je\u015bli b\u0119dzie drastyczny, b\u0119dziemy musieli podj\u0105\u0107 radykalne dzia\u0142ania, by\u0107 mo\u017ce nawet zlikwidowa\u0107 kt\u00f3ry\u015b z program\u00f3w. Mo\u017cemy zwi\u0119kszy\u0107 wp\u0142ywy z reklam, ale kosztem komercjalizacji programu dodaje. W tym roku nie b\u0119dzie to konieczne, bo KRRiT ma dosta\u0107 zaleg\u0142e 37 mln z\u0142 z Urz\u0119du ds. Kombatant\u00f3w. Pozwoli to cho\u0107 cz\u0119\u015bciowo za\u0142ata\u0107 ubytek wp\u0142yw\u00f3w. Ale co b\u0119dzie w przysz\u0142ym? Szans\u0105 na rozwi\u0105zanie sprawy fatalnej \u015bci\u0105galno\u015bci abonamentu by\u0142a kwietniowa nowelizacja ustawy o radiofonii i telewizji. Wyja\u015bni\u0142a prawn\u0105 podstaw\u0119 poboru abonamentu, ale nie poprawi\u0142a mechanizmu jego \u015bci\u0105gania. Nadal mo\u017cna po prostu nie wpu\u015bci\u0107 do domu kontrolera.&#8221; &#8211; czytamy w Rzeczpospolitej.<\/p>\n<p>&#8222;Przy okazji debaty nad nowelizacj\u0105 pojawi\u0142y si\u0119 pomys\u0142y, by op\u0142aca\u0107 abonament wraz z rachunkami za pr\u0105d b\u0119d\u0105 rozlicza\u0107 go w rocznych deklaracjach PIT. Zdaniem Waniek, dobry jest pomys\u0142 austriacki, czyli utworzenie oddzielnej instytucji, kt\u00f3ra b\u0119dzie si\u0119 zajmowa\u0107 tylko pozyskiwaniem abonamentu. Wobec ch\u0119ci PiS budowy taniego pa\u0144stwa wydaje si\u0119 to ma\u0142o prawdopodobne. Je\u015bli problem nie zostanie rozwi\u0105zany, im wi\u0119cej os\u00f3b b\u0119dzie unika\u0107 p\u0142acenia abonamentu, tym wi\u0119cej zap\u0142ac\u0105 pozostali. KRRiT zapowiada wzrost abonamentu w przysz\u0142ym roku o kilka z\u0142otych. Kampanie w mediach publicznych zach\u0119caj\u0105ce do p\u0142acenia abonamentu radiowo-telewizyjnego nie przynosz\u0105 skutku.&#8221; &#8211; czytamy w Rzeczpospolitej.<\/p>\n<p>&#8222;Prognozowane na ten rok przez Krajow\u0105 Rad\u0119 Radiofonii i Telewizji wp\u0142ywy z op\u0142at abonamentowych mia\u0142y wynie\u015b\u0107 925 mln z\u0142. Prognoza mo\u017ce si\u0119 jednak powa\u017cnie rozmin\u0105\u0107 z rzeczywisto\u015bci\u0105. Do ko\u0144ca pa\u017adziernika KRRIT mia\u0142a bowiem otrzyma\u0107 od Polak\u00f3w 791 mln z\u0142. Dosta\u0142a 742 mln z\u0142. Je\u015bli ten trend si\u0119 utrzzyma, na koniec roku rzeczywiste wp\u0142ywy z abonamentu mog\u0105 by\u0107 mniejsze od prognozy o ok. 65mln z\u0142. To w przybli\u017ceniu \u0142\u0105czny bud\u017cet roczny TV Polonia 1 TVP Kultura. Malej\u0105ce wp\u0142ywy z abonamentu uderz\u0105 w TVP, ale przede wszystkim w Polskie Radio i publiczne rozg\u0142o\u015bnie regionalne. Te ostatnie w 83- procentach utrzymywane s\u0105 z abonamentu.&#8221; &#8211; informuje Rzeczpospolita.<\/p>\n","protected":false},"excerpt":{"rendered":"Polacy masowo odmawiaj\u0105 p\u0142acenia wspieraj\u0105cego TVP i utrzymuj\u0105cego Polskie Radio abonamentu. Regularnie p\u0142aci go ju\u017c tylko 36 proc. gospodarstw &#8211; pisze &#8222;Rzeczpospolita&#8221;","protected":false},"author":1,"featured_media":0,"comment_status":"open","ping_status":"closed","sticky":false,"template":"","format":"standard","meta":{"csco_display_header_overlay":false,"csco_singular_sidebar":"","csco_page_header_type":"","csco_page_load_nextpost":"","csco_post_video_location":[],"csco_post_video_location_hash":"","csco_post_video_url":"","csco_post_video_bg_start_time":0,"csco_post_video_bg_end_time":0,"footnotes":""},"categories":[9670],"tags":[],"class_list":{"0":"post-85719","1":"post","2":"type-post","3":"status-publish","4":"format-standard","6":"category-tv","7":"cs-entry","8":"cs-video-wrap"},"_links":{"self":[{"href":"https:\/\/mediarun.com\/pl\/wp-json\/wp\/v2\/posts\/85719","targetHints":{"allow":["GET"]}}],"collection":[{"href":"https:\/\/mediarun.com\/pl\/wp-json\/wp\/v2\/posts"}],"about":[{"href":"https:\/\/mediarun.com\/pl\/wp-json\/wp\/v2\/types\/post"}],"author":[{"embeddable":true,"href":"https:\/\/mediarun.com\/pl\/wp-json\/wp\/v2\/users\/1"}],"replies":[{"embeddable":true,"href":"https:\/\/mediarun.com\/pl\/wp-json\/wp\/v2\/comments?post=85719"}],"version-history":[{"count":0,"href":"https:\/\/mediarun.com\/pl\/wp-json\/wp\/v2\/posts\/85719\/revisions"}],"wp:attachment":[{"href":"https:\/\/mediarun.com\/pl\/wp-json\/wp\/v2\/media?parent=85719"}],"wp:term":[{"taxonomy":"category","embeddable":true,"href":"https:\/\/mediarun.com\/pl\/wp-json\/wp\/v2\/categories?post=85719"},{"taxonomy":"post_tag","embeddable":true,"href":"https:\/\/mediarun.com\/pl\/wp-json\/wp\/v2\/tags?post=85719"}],"curies":[{"name":"wp","href":"https:\/\/api.w.org\/{rel}","templated":true}]}}