{"id":85718,"date":"2005-11-07T09:31:25","date_gmt":"2005-11-07T08:31:25","guid":{"rendered":"https:\/\/mediarun.com\/index.php\/news-posts\/rada-etyki-mediow-za-tygodnikiem\/"},"modified":"2005-11-07T09:31:25","modified_gmt":"2005-11-07T08:31:25","slug":"rada-etyki-mediow-za-tygodnikiem","status":"publish","type":"post","link":"https:\/\/mediarun.com\/pl\/media\/prasa\/rada-etyki-mediow-za-tygodnikiem.html","title":{"rendered":"Rada Etyki Medi\u00f3w za Tygodnikiem"},"content":{"rendered":"<p>&#8211; Cz\u0142onkowie Rady &#8222;z ubolewaniem&#8221; przyj\u0119li wiadomo\u015b\u0107 o tym, \u017ce PiS rozwiesi\u0142o w Zakopanem transparenty z napisem &#8222;&#8221;Tygodnik Podhala\u0144ski&#8221; k\u0142amie&#8221;. &#8222;Reagowanie na pomy\u0142k\u0119 gazety wywieszeniem w centralnych punktach miasta banner\u00f3w z zarzutem k\u0142amstwa (najci\u0119\u017cszym, jaki mo\u017cna postawi\u0107 mediom), nie czekaj\u0105c na sprostowanie, jest z pewno\u015bci\u0105 post\u0119powaniem niegodnym&#8221; &#8211; napisali cz\u0142onkowie Rady w li\u015bcie do Jerzego Jureckiego, wydawcy i dziennikarza &#8222;Tygodnika Podhala\u0144skiego&#8221;.  &#8211; donosi Rzeczpospolita&#8221;<\/p>\n<p>&#8211; O sprawie pisali\u015bmy w tek\u015bcie pt. &#8222;PiS walczy z tygodnikiem&#8221; (&#8222;Rz&#8221; z 31 pa\u017adziernika 2005 r.). Jan Piczura, pe\u0142nomocnik PiS na powiat tatrza\u0144ski, t\u0142umaczy\u0142 &#8222;Rz&#8221;, \u017ce akcja z transparentami zosta\u0142a zorganizowana, bo &#8222;Tygodnik&#8221; nie sprostowa\u0142 pomy\u0142ki w tek\u015bcie o wizycie kandydat\u00f3w na prezydenta na Podhalu. Autor relacji z tych wydarze\u0144, Jerzy Jurecki, napisa\u0142, \u017ce w pierwszej turze wybor\u00f3w Donald Tusk wygra\u0142 w Bukowinie Tatrza\u0144skiej. &#8211; Pomyli\u0142em si\u0119 &#8211; t\u0142umaczy\u0142 Jurecki. Tekst ukaza\u0142 si\u0119 tu\u017c przed drug\u0105 tur\u0105, a tygodnik m\u00f3g\u0142 sprostowa\u0107 pomy\u0142k\u0119 dopiero w nast\u0119pnym numerze, czyli ju\u017c po wyborach.  &#8211; czytamy w &#8222;Rzeczpospolitej&#8221;<\/p>\n","protected":false},"excerpt":{"rendered":"&#8211; Rada Etyki Medi\u00f3w uwa\u017ca, \u017ce post\u0119powanie dzia\u0142aczy PiS z Zakopanego, kt\u00f3rzy atakuj\u0105 &#8222;Tygodnik Podhala\u0144ski&#8221; jest niegodne i podejrzewa, \u017ce to odwet na odwa\u017cnych dziennikarzach. &#8211; informuje &#8222;Rzeczpospolita&#8221;","protected":false},"author":1,"featured_media":0,"comment_status":"open","ping_status":"closed","sticky":false,"template":"","format":"standard","meta":{"csco_display_header_overlay":false,"csco_singular_sidebar":"","csco_page_header_type":"","csco_page_load_nextpost":"","csco_post_video_location":[],"csco_post_video_location_hash":"","csco_post_video_url":"","csco_post_video_bg_start_time":0,"csco_post_video_bg_end_time":0,"footnotes":""},"categories":[9673],"tags":[],"class_list":{"0":"post-85718","1":"post","2":"type-post","3":"status-publish","4":"format-standard","6":"category-prasa","7":"cs-entry","8":"cs-video-wrap"},"_links":{"self":[{"href":"https:\/\/mediarun.com\/pl\/wp-json\/wp\/v2\/posts\/85718","targetHints":{"allow":["GET"]}}],"collection":[{"href":"https:\/\/mediarun.com\/pl\/wp-json\/wp\/v2\/posts"}],"about":[{"href":"https:\/\/mediarun.com\/pl\/wp-json\/wp\/v2\/types\/post"}],"author":[{"embeddable":true,"href":"https:\/\/mediarun.com\/pl\/wp-json\/wp\/v2\/users\/1"}],"replies":[{"embeddable":true,"href":"https:\/\/mediarun.com\/pl\/wp-json\/wp\/v2\/comments?post=85718"}],"version-history":[{"count":0,"href":"https:\/\/mediarun.com\/pl\/wp-json\/wp\/v2\/posts\/85718\/revisions"}],"wp:attachment":[{"href":"https:\/\/mediarun.com\/pl\/wp-json\/wp\/v2\/media?parent=85718"}],"wp:term":[{"taxonomy":"category","embeddable":true,"href":"https:\/\/mediarun.com\/pl\/wp-json\/wp\/v2\/categories?post=85718"},{"taxonomy":"post_tag","embeddable":true,"href":"https:\/\/mediarun.com\/pl\/wp-json\/wp\/v2\/tags?post=85718"}],"curies":[{"name":"wp","href":"https:\/\/api.w.org\/{rel}","templated":true}]}}