{"id":85715,"date":"2005-11-07T10:12:47","date_gmt":"2005-11-07T09:12:47","guid":{"rendered":"https:\/\/mediarun.com\/index.php\/news-posts\/konsolidacja-rynku-sieci-kablowych\/"},"modified":"2005-11-07T10:12:47","modified_gmt":"2005-11-07T09:12:47","slug":"konsolidacja-rynku-sieci-kablowych","status":"publish","type":"post","link":"https:\/\/mediarun.com\/pl\/media\/tv\/konsolidacja-rynku-sieci-kablowych.html","title":{"rendered":"Konsolidacja rynku sieci kablowych"},"content":{"rendered":"<p>Rozmowy na temat fuzji &#8211; wed\u0142ug informacji &#8222;GP&#8221; &#8211; tocz\u0105 si\u0119 mi\u0119dzy ameryka\u0144skim Liberty Global, w\u0142a\u015bcicielem UPC Polska, a konsorcjum funduszy &#8211; w\u0142a\u015bcicieli Grupy Aster, na czele kt\u00f3rych stoi ameryka\u0144ski Hicks Muse Tate &#038; Furst<\/p>\n<p>&#8211; Marek Sowa, wiceprezes UPC Polska, nie komentuje sprawy ewentualnego przej\u0119cia, zas\u0142aniaj\u0105c si\u0119 tajemnic\u0105 strategii firmy. Z kolei Robert Ko\u0142odziej, wiceprezes Grupy Aster, przyznaje, \u017ce o fuzji m\u00f3wi si\u0119 na rynku. &#8211; pisze &#8222;Gazeta Prawna&#8221;<\/p>\n<p>&#8211; UPC jako du\u017cy inwestor bran\u017cowy w Polsce jest oczywi\u015bcie naturalnym potencjalnym nabywc\u0105 Astera, niemniej rozmowy na temat ewentualnego przej\u0119cia to domena w\u0142a\u015bcicieli. Zarz\u0105d sp\u00f3\u0142ki koncentruje si\u0119 na realizacji strategii i bud\u017cetu na rok 2005, czyli oferowaniu naszym obecnym i przysz\u0142ym klientom nowych us\u0142ug &#8211; przyznaje Robert Ko\u0142odziej, wiceprezes zarz\u0105du Grupy Aster. <\/p>\n<p>&#8211; To, \u017ce UPC szykuje si\u0119 do przej\u0119\u0107 konkurent\u00f3w, Marek Sowa przyzna\u0142 jednak kilkadziesi\u0105t dni temu w wywiadzie dla &#8222;GP&#8221;. Ma ona zwi\u0119kszy\u0107 liczb\u0119 abonent\u00f3w przed wielkimi inwestycjami operatora &#8211; uruchomieniem telefonii oraz telewizji cyfrowej, kt\u00f3ra daje nowe mo\u017cliwo\u015bci, m.in. lepsz\u0105 jako\u015b\u0107 obrazu i d\u017awi\u0119ku, zamawianie film\u00f3w, wycinanie reklam z programu, dowolne jego przewijanie. &#8211; informuje &#8222;Gazeta Prawna&#8221;<\/p>\n<p>Co prawda, UPC Polska mog\u0142aby ju\u017c wprowadzi\u0107 te us\u0142ugi, ale strategia firmy zak\u0142ada ich uruchomienie dopiero przy odpowiednio du\u017cej liczbie abonent\u00f3w. Tylko wtedy &#8211; zdaniem Marka Sowy &#8211; inwestycja b\u0119dzie op\u0142acalna. <\/p>\n","protected":false},"excerpt":{"rendered":"UPC Polska, najwi\u0119kszy operator kablowy na rynku, szykuje si\u0119 do przej\u0119cia czwartego co do wielko\u015bci gracza &#8211; Grupy Aster. Dzi\u0119ki temu zwi\u0119kszy liczb\u0119 abonent\u00f3w o blisko po\u0142ow\u0119. Ale to nie koniec jego ekspansji. &#8211; czytamy w &#8222;Gazecie Prawnej&#8221;","protected":false},"author":1,"featured_media":85716,"comment_status":"open","ping_status":"closed","sticky":false,"template":"","format":"standard","meta":{"csco_display_header_overlay":false,"csco_singular_sidebar":"","csco_page_header_type":"","csco_page_load_nextpost":"","csco_post_video_location":[],"csco_post_video_location_hash":"","csco_post_video_url":"","csco_post_video_bg_start_time":0,"csco_post_video_bg_end_time":0,"footnotes":""},"categories":[9670],"tags":[],"class_list":{"0":"post-85715","1":"post","2":"type-post","3":"status-publish","4":"format-standard","5":"has-post-thumbnail","7":"category-tv","8":"cs-entry","9":"cs-video-wrap"},"_links":{"self":[{"href":"https:\/\/mediarun.com\/pl\/wp-json\/wp\/v2\/posts\/85715","targetHints":{"allow":["GET"]}}],"collection":[{"href":"https:\/\/mediarun.com\/pl\/wp-json\/wp\/v2\/posts"}],"about":[{"href":"https:\/\/mediarun.com\/pl\/wp-json\/wp\/v2\/types\/post"}],"author":[{"embeddable":true,"href":"https:\/\/mediarun.com\/pl\/wp-json\/wp\/v2\/users\/1"}],"replies":[{"embeddable":true,"href":"https:\/\/mediarun.com\/pl\/wp-json\/wp\/v2\/comments?post=85715"}],"version-history":[{"count":0,"href":"https:\/\/mediarun.com\/pl\/wp-json\/wp\/v2\/posts\/85715\/revisions"}],"wp:featuredmedia":[{"embeddable":true,"href":"https:\/\/mediarun.com\/pl\/wp-json\/wp\/v2\/media\/85716"}],"wp:attachment":[{"href":"https:\/\/mediarun.com\/pl\/wp-json\/wp\/v2\/media?parent=85715"}],"wp:term":[{"taxonomy":"category","embeddable":true,"href":"https:\/\/mediarun.com\/pl\/wp-json\/wp\/v2\/categories?post=85715"},{"taxonomy":"post_tag","embeddable":true,"href":"https:\/\/mediarun.com\/pl\/wp-json\/wp\/v2\/tags?post=85715"}],"curies":[{"name":"wp","href":"https:\/\/api.w.org\/{rel}","templated":true}]}}