{"id":85712,"date":"2005-11-07T11:05:03","date_gmt":"2005-11-07T10:05:03","guid":{"rendered":"https:\/\/mediarun.com\/index.php\/news-posts\/nielad-medialny-w-polsce\/"},"modified":"2005-11-07T11:05:03","modified_gmt":"2005-11-07T10:05:03","slug":"nielad-medialny-w-polsce","status":"publish","type":"post","link":"https:\/\/mediarun.com\/pl\/media\/tv\/nielad-medialny-w-polsce.html","title":{"rendered":"Nie\u0142ad medialny w Polsce?"},"content":{"rendered":"<p>&#8222;Jak w starym kawale z g\u0142\u0119bokiego peerelu &#8211; na pierwszym programie przemawia towarzysz pierwszy sekretarz, na drugim przemawia towarzysz pierwszy sekretarz, a na trzecim towarzysz pierwszy sekretarz grozi palcem i m\u00f3wi nie prze\u0142\u0105czaj ! A s\u0105 jeszcze w ofercie TVP na przyk\u0142ad > reklamv perfidne< udaj\u0105ce co\u015b innego ni\u017c reklam\u0119, dajmy na to, tablic\u0119 informacyjn\u0105. Przedstawiciele TVP nie widz\u0105 w tym nic z\u0142ego. W ko\u0144cu firma musi zarabia\u0107 pieni\u0105dze, a reklamodawcy chc\u0105, \u017ceby ich przekaz zosta\u0142 widzom wmuszony, podst\u0119pem albo przemoc\u0105, niczym karma francuskim g\u0119siom tuczonym na st\u0142uszczone w\u0105tr\u00f3bki, i gotowi s\u0105 za to p\u0142aci\u0107.&#8221; &#8211;komentuje Newsweek.\n\n&#8222;Lepiej, \u017ceby wzi\u0119\u0142a te pieni\u0105dze TVP, kt\u00f3ra jak\u0105\u015b ich cz\u0119\u015b\u0107 przeznaczy na realizacj\u0119 misji medi\u00f3w publicznych ni\u017c stacje, na kt\u00f3rych \u017cadna misja nie spoczywa. Przedstawiciele stacji prywatnych reaguj\u0105 na to oburzeniem. Przypominaj\u0105, \u017ce TVP dostaje wp\u0142ywy z abonamentu i domagaj\u0105 si\u0119, aby ogranicza\u0107 jej mo\u017cliwo\u015bci zarobkowania. TVP odpowiada, \u017ce abonamentu ponad po\u0142owa widz\u00f3w nie p\u0142aci, a pa\u0144stwu brak zdecydowania, aby egzekwowa\u0107 ten - w\u0105tpliwy moralnie i przeniesiony \u017bywcem z realnego socjalizmu - podatek od telewizora. Nadawcy prywatni wskazuj\u0105 z kolei na quasimonopoistyczn\u0105 pozycj\u0119 kana\u0142\u00f3w pa\u0144stwowych, kt\u00f3rej przejawem by\u0142oby, na przyk\u0142ad, synchronizowanie nadawania reklam w kilku programach jednocze\u015bnie. Swego czasu zgodzi\u0142a si\u0119 z tym sposobem my\u015blenia Krajowa Rada Radiofirnii i Telewizji, zakazuj\u0105c TVP dzielenia program\u00f3w reklamami, co stacje rywatne robi\u0105 rutynowo. Ale TVP znalaz\u0142a spos\u00f3b na obej\u015bcie tego bolesnego dla niej ograniczenia - po prostu przygotowuje programy w kilku cz\u0119\u015bciach, a ka\u017cda z nich - formalnie - jest oddzielnym programem.&#8221; &#8211; pisze Newsweek.\n\n&#8222;Media komercyjne krytykuj\u0105 now\u0105 ofert\u0119 TVP, ale, ob\u0142udnie, same robi\u0105 to w\u0142a\u015bnie, co ich zdaniem mediom publicznym nie uchodzi. Pewne sztuczki - na przyk\u0142ad nadawanie spot\u00f3w reklamowych z d\u017awi\u0119kiem znacznie g\u0142o\u015bniejszym od normalnego programu - upowszechni\u0142y si\u0119 ju\u017c na tyle, \u017ce w og\u00f3le przestali\u015bmy to zauwa\u017ca\u0107. I mo\u017ce za kilka lat b\u0119dziemy musieli si\u0119 przyzwyczai\u0107 do zajmuj\u0105cych po\u0142ow\u0119 ekranu reklam podczas wiadomo\u015bci i pogody. Przecie\u017c nawet je\u015bli wycofa si\u0119 z tego pomys\u0142u to nikt nie zabroni go stosowa\u0107 jej komercyjnej konkurencji.&#8221; &#8211; czytamy w Newsweeku.\n\n&#8222;W istocie TVP nie jest telewizj\u0105 publiczn\u0105, tylko, powiedzia\u0142bym, pa\u0144stwow\u0105 telewizj\u0105 komercyjn\u0105. Je\u015bli pa\u0144stwo chce mie\u0107 w swym r\u0119ku telewizj\u0119, bo widzi dla niej misj\u0119 do spe\u0142nienia, je\u015bli wyborcy, b\u0119d\u0105 wszak zarazem podatnikami, zgadzaj\u0105 si\u0119 z tym (ja si\u0119 nic zgadzam, ale pewnie jestem w mniejszo\u015bci), to telewizja taka powinna by\u0107 ca\u0142kowicie finansowana z funduszy publicznych. Nie z tzw. abonamentu, kt\u00f3ry jest prawnym anachronizmem, tylko po prostu z bud\u017cetu pa\u0144stwa. jak ameryka\u0144ska C-SPAN.&#8221; &#8211; informuje tygodnik.\n&#8222;Przecie\u017c pa\u0144stwowe imperium medialne to trzy kana\u0142y telewizyjne i sze\u015b\u0107 radiowych. Dlaczego a\u017c tyle? Z tego samego powodu, dla kt\u00f3rego musimy utrzymywa\u0107 parlament tak liczny, jak LISA: ho tyle zosta\u0142o w spadku po peerelu, a jak politykom co\u015b ju\u017c wpad\u0142o w r\u0119ce, ani my\u015bl\u0105 to odda\u0107. Telewizjami prywatnymi te\u017c daje si\u0119 manipulowa\u0107, ale publiczn\u0105 manipulowa\u0107 jest \u0142atwiej. A na dodatek ile\u017c tam dyrektorskich i prezesowskich posad dla politycznych przyjaci\u00f3\u0142, ile rad do obsadzania... wi\u0119c z jednej strony, pa\u0144stwo ze swego imperium medialnego nie ust\u0105pi, ale z drugiej nie ma na jego utrzymanie pieni\u0119dzy, wi\u0119c wypuszcza media pa\u0144stwowe do konkurencji z prywatnymi.&#8221; &#8211; czytamy w Newsweeku.\n\n&#8222;Ciastko zje\u015b\u0107 i mie\u0107 je nadal - to si\u0119 jeszcze nikomu nie uda\u0142o, nam si\u0119 nie uda tak\u017ce, i \u017cadne ob\u0142udne opowie\u015bci O misji nie zmieni\u0105 faktu, \u017ce TVP jest po prostu zmuszona do zachowa\u0144 nie licuj\u0105cych z jej oficjalnym statusem. Z jednej stron niby publiczna, ale przecie\u017c komercyjna TVP - z drugiej stacje niby prywatne, ale koncesjonowane, a wi\u0119c wolne od zbyt uci\u0105\u017cliwej konkurencji. Dop\u00f3ki tak to wygl\u0105da, o dobrym funkcjonowaniu rynku medi\u00f3w nie mamy co marzy\u0107. Dobrym, oczywi\u015bcie, w sensie oferty programowej, bo co do zarobk\u00f3w, nikt nie narzeka - spoty reklamowe sprzedaj\u0105 si\u0119 z du\u017cym wyprzedzeniem i pozostaje tylko jako\u015b zmusi\u0107 nas, \u017ceby\u015bmy je ogl\u0105dali, cho\u0107by\u015bmy nie wiem jak nie chcieli. Prawdziwe opresje dla widz\u00f3w nast\u0105pi\u0105, gdy stacje dogadaj\u0105 si\u0119 i zaczn\u0105 synchronizowa\u0107 swe pasma reklamowe na ca\u0142ej antenie. Wtedy pozostanie nam tylko wy\u0142\u0105cza\u0107 telewizory&#8230;&#8221; &#8211; komentuje Newsweek.\n<\/p>\n","protected":false},"excerpt":{"rendered":"&#8222;Nie\u0142adem medialnym Polska stoi&#8230; Czy wpada jej, na przyk\u0142ad, zmusza\u0107 do ogl\u0105dania reklam widz\u00f3w program\u00f3w i informacyjnych i prognozy pogody poprzez dzielenie ekranu podczas tych program\u00f3w? Albo poprzez zgranie co do sekundy blok\u00f3w reklamowych na wszystkich jednocze\u015bnie kana\u0142ach, tak, \u017ceby widz, kt\u00f3ry nie chce ogl\u0105da\u0107 reklam, po prostu nie m\u00f3g\u0142 od nich uciec?&#8221; &#8211; zastanawia si\u0119 Newsweek.","protected":false},"author":1,"featured_media":85713,"comment_status":"open","ping_status":"closed","sticky":false,"template":"","format":"standard","meta":{"csco_display_header_overlay":false,"csco_singular_sidebar":"","csco_page_header_type":"","csco_page_load_nextpost":"","csco_post_video_location":[],"csco_post_video_location_hash":"","csco_post_video_url":"","csco_post_video_bg_start_time":0,"csco_post_video_bg_end_time":0,"footnotes":""},"categories":[9670],"tags":[],"class_list":{"0":"post-85712","1":"post","2":"type-post","3":"status-publish","4":"format-standard","5":"has-post-thumbnail","7":"category-tv","8":"cs-entry","9":"cs-video-wrap"},"_links":{"self":[{"href":"https:\/\/mediarun.com\/pl\/wp-json\/wp\/v2\/posts\/85712","targetHints":{"allow":["GET"]}}],"collection":[{"href":"https:\/\/mediarun.com\/pl\/wp-json\/wp\/v2\/posts"}],"about":[{"href":"https:\/\/mediarun.com\/pl\/wp-json\/wp\/v2\/types\/post"}],"author":[{"embeddable":true,"href":"https:\/\/mediarun.com\/pl\/wp-json\/wp\/v2\/users\/1"}],"replies":[{"embeddable":true,"href":"https:\/\/mediarun.com\/pl\/wp-json\/wp\/v2\/comments?post=85712"}],"version-history":[{"count":0,"href":"https:\/\/mediarun.com\/pl\/wp-json\/wp\/v2\/posts\/85712\/revisions"}],"wp:featuredmedia":[{"embeddable":true,"href":"https:\/\/mediarun.com\/pl\/wp-json\/wp\/v2\/media\/85713"}],"wp:attachment":[{"href":"https:\/\/mediarun.com\/pl\/wp-json\/wp\/v2\/media?parent=85712"}],"wp:term":[{"taxonomy":"category","embeddable":true,"href":"https:\/\/mediarun.com\/pl\/wp-json\/wp\/v2\/categories?post=85712"},{"taxonomy":"post_tag","embeddable":true,"href":"https:\/\/mediarun.com\/pl\/wp-json\/wp\/v2\/tags?post=85712"}],"curies":[{"name":"wp","href":"https:\/\/api.w.org\/{rel}","templated":true}]}}