{"id":85708,"date":"2005-11-07T15:38:23","date_gmt":"2005-11-07T14:38:23","guid":{"rendered":"https:\/\/mediarun.com\/index.php\/news-posts\/nowe-stanowisko-w-itvp\/"},"modified":"2005-11-07T15:38:23","modified_gmt":"2005-11-07T14:38:23","slug":"nowe-stanowisko-w-itvp","status":"publish","type":"post","link":"https:\/\/mediarun.com\/pl\/media\/tv\/nowe-stanowisko-w-itvp.html","title":{"rendered":"Nowe stanowisko w iTVP"},"content":{"rendered":"<p>&#8211; B\u0119d\u0119 r\u00f3wnie\u017c dba\u0107 o to, by nasze dzia\u0142ania ujrza\u0142y \u015bwiat\u0142o dzienne i by programy, kt\u00f3re stopniowo wprowadzamy na nasz\u0105 internetow\u0105 anten\u0119 mia\u0142y odpowiedni\u0105 promocj\u0119 &#8211; t\u0142umaczy nam Karolia \u0141ysiak.<\/p>\n<p>Karolina \u0141ysiak do iTVP trafi\u0142a z warszawskiej agencji reklamowej Marketing&#038;Media, specjalizuj\u0105cej si\u0119 w reklamie medycznej, gdzie by\u0142a zatrudniona na stanowisku copywritera. Wcze\u015bniej pracowa\u0142a w Radiu Eska &#8211; jako specjalista do spraw reklamy i promocji. \u0141ysiak zajmowa\u0142a si\u0119 w rozg\u0142o\u015bni sprzeda\u017c\u0105 czasu antenowego, animacj\u0105 antenow\u0105 oraz tworzeniem reklam radiowych.<\/p>\n","protected":false},"excerpt":{"rendered":"Karolina \u0141ysiak obj\u0119\u0142a z pocz\u0105tkiem listopada w iTVP nowoutworzone stanowisko koordynatora do spraw marketingu i PR. &#8211; Na stanowisku tym zajmowa\u0107 si\u0119 b\u0119d\u0119 w g\u0142\u00f3wnej mierze dzia\u0142aniami PR stacji, zar\u00f3wno wewn\u0119trznymi, jak i zewn\u0119trznymi &#8211; wyja\u015bnia nam \u0141ysiak.","protected":false},"author":1,"featured_media":85709,"comment_status":"open","ping_status":"closed","sticky":false,"template":"","format":"standard","meta":{"csco_display_header_overlay":false,"csco_singular_sidebar":"","csco_page_header_type":"","csco_page_load_nextpost":"","csco_post_video_location":[],"csco_post_video_location_hash":"","csco_post_video_url":"","csco_post_video_bg_start_time":0,"csco_post_video_bg_end_time":0,"footnotes":""},"categories":[9670],"tags":[],"class_list":{"0":"post-85708","1":"post","2":"type-post","3":"status-publish","4":"format-standard","5":"has-post-thumbnail","7":"category-tv","8":"cs-entry","9":"cs-video-wrap"},"_links":{"self":[{"href":"https:\/\/mediarun.com\/pl\/wp-json\/wp\/v2\/posts\/85708","targetHints":{"allow":["GET"]}}],"collection":[{"href":"https:\/\/mediarun.com\/pl\/wp-json\/wp\/v2\/posts"}],"about":[{"href":"https:\/\/mediarun.com\/pl\/wp-json\/wp\/v2\/types\/post"}],"author":[{"embeddable":true,"href":"https:\/\/mediarun.com\/pl\/wp-json\/wp\/v2\/users\/1"}],"replies":[{"embeddable":true,"href":"https:\/\/mediarun.com\/pl\/wp-json\/wp\/v2\/comments?post=85708"}],"version-history":[{"count":0,"href":"https:\/\/mediarun.com\/pl\/wp-json\/wp\/v2\/posts\/85708\/revisions"}],"wp:featuredmedia":[{"embeddable":true,"href":"https:\/\/mediarun.com\/pl\/wp-json\/wp\/v2\/media\/85709"}],"wp:attachment":[{"href":"https:\/\/mediarun.com\/pl\/wp-json\/wp\/v2\/media?parent=85708"}],"wp:term":[{"taxonomy":"category","embeddable":true,"href":"https:\/\/mediarun.com\/pl\/wp-json\/wp\/v2\/categories?post=85708"},{"taxonomy":"post_tag","embeddable":true,"href":"https:\/\/mediarun.com\/pl\/wp-json\/wp\/v2\/tags?post=85708"}],"curies":[{"name":"wp","href":"https:\/\/api.w.org\/{rel}","templated":true}]}}