{"id":85706,"date":"2005-11-07T16:01:33","date_gmt":"2005-11-07T15:01:33","guid":{"rendered":"https:\/\/mediarun.com\/index.php\/news-posts\/kijow-konferencja-o-mediach\/"},"modified":"2005-11-07T16:01:33","modified_gmt":"2005-11-07T15:01:33","slug":"kijow-konferencja-o-mediach","status":"publish","type":"post","link":"https:\/\/mediarun.com\/pl\/media\/tv\/kijow-konferencja-o-mediach.html","title":{"rendered":"Kij\u00f3w: konferencja o mediach"},"content":{"rendered":"<p>Podczas konferencji przewodnicz\u0105ca KRRiT &#8211; Danuta Waniek przedstawia polskie do\u015bwiadczenia w budowie niezale\u017cnych i pluralistycznych medi\u00f3w elektronicznych w Polsce, regulacje dotycz\u0105ce funkcjonowania rynku medi\u00f3w, kierunki ich planowanego rozwoju zawarte w przygotowanej przez KRRiT &#8222;Strategii rozwoju Pa\u0144stwa Polskiego w zakresie rozwoju medi\u00f3w elektronicznych na lata 2005 &#8211; 2020&#8221; oraz kwestie zwi\u0105zane z wprowadzeniem naziemnej cyfrowej radiofonii i telewizji w Polsce.<\/p>\n<p>Problematyka konferencji nawi\u0105zuje do tocz\u0105cej si\u0119 na Ukrainie debaty na temat stworzenia warunk\u00f3w do transformacji medi\u00f3w pa\u0144stwowych w media publiczne. Dlatego te\u017c szczeg\u00f3\u0142owo omawiano spos\u00f3b organizacji medi\u00f3w publicznych w Polsce, zagwarantowania ich niezale\u017cno\u015bci oraz finansowania. <\/p>\n<p>Podczas konferencji przewodnicz\u0105ca KRRiT &#8211; Danuta Waniek podkre\u015bli\u0142a, \u017ce zorganizowana przez KRRiT konferencja w Kijowie jest dowodem szczeg\u00f3lnego miejsca, jakie w polskiej polityce zajmuje Ukraina oraz wagi jak\u0105 Polska przywi\u0105zuje do wspierania d\u0105\u017ce\u0144 Ukrainy do cz\u0142onkostwa w Unii Europejskiej.<\/p>\n<p>Krajowa Rada Radiofonii i Telewizji od lat wspiera dzia\u0142ania dotycz\u0105ce polsko-ukrai\u0144skiej wsp\u00f3\u0142pracy przygranicznej w dziedzinie medi\u00f3w elektronicznych, organizuje spotkania i konferencje z udzia\u0142em przedstawicieli medi\u00f3w regionalnych z Polski i Ukrainy, wsp\u00f3\u0142pracuje r\u00f3wnie\u017c &#8211; w ramach umowy o wzajemnej wsp\u00f3\u0142pracy z odpowiednikiem Krajowej Rady Radiofonii i Telewizji na Ukrainie &#8211; Narodow\u0105 Rad\u0105 ds. Telewizji i Radia. W latach 2003-2004 KRRiT zrealizowa\u0142a wsp\u00f3lnie z BBC World z Wielkiej Brytanii i Centrum Inicjatyw Medialnych na Ukrainie wsp\u00f3lny projekt Unii Europejskiej &#8222;Wsparcia dla Niezale\u017cnych Medi\u00f3w na Ukrainie&#8221;. <\/p>\n<p>W tym roku Krajowa Rada Radiofonii i Telewizji, we wsp\u00f3\u0142pracy z Rad\u0105 Europy realizuje, w ramach Programu Wsparcia i Pomocy Technicznej, cykl sta\u017cy dla dziennikarzy ukrai\u0144skich medi\u00f3w regionalnych. Sta\u017ce tego typu obj\u0119\u0142y dziennikarzy i mened\u017cer\u00f3w z Odessy, Myko\u0142ajewa, Sum, Charkowa, Berdia\u0144ska.  Odbywaj\u0105ca si\u0119 w Kijowie konferencja jest r\u00f3wnie\u017c cz\u0119\u015bci\u0105 Programu Wsparcia i Pomocy Technicznej,. Program ten oparty jest na zasadzie dzielenia si\u0119 do\u015bwiadczeniami pomi\u0119dzy r\u00f3\u017cnymi krajami cz\u0142onkowskimi Rady Europy. W konferencji bior\u0105 udzia\u0142 obok ekspert\u00f3w ukrai\u0144skich, eksperci z Polski, Danii, Czech i Bo\u015bni-Hercegowiny.<\/p>\n","protected":false},"excerpt":{"rendered":"&#8222;Media publiczne i komercyjne jako wyzwanie dla Ukrainy&#8221; &#8211; to temat konferencji, zorganizowanej przez Krajow\u0105 Rad\u0119 Radiofonii i Telewizji wsp\u00f3lnie z Rad\u0105 Europy oraz Internews Ukraina i ukrai\u0144skim Stowarzyszeniem Niezale\u017cnych Nadawc\u00f3w, kt\u00f3ra rozpocz\u0119\u0142a si\u0119 w poniedzia\u0142ek w Kijowie.","protected":false},"author":1,"featured_media":85707,"comment_status":"open","ping_status":"closed","sticky":false,"template":"","format":"standard","meta":{"csco_display_header_overlay":false,"csco_singular_sidebar":"","csco_page_header_type":"","csco_page_load_nextpost":"","csco_post_video_location":[],"csco_post_video_location_hash":"","csco_post_video_url":"","csco_post_video_bg_start_time":0,"csco_post_video_bg_end_time":0,"footnotes":""},"categories":[9670],"tags":[],"class_list":{"0":"post-85706","1":"post","2":"type-post","3":"status-publish","4":"format-standard","5":"has-post-thumbnail","7":"category-tv","8":"cs-entry","9":"cs-video-wrap"},"_links":{"self":[{"href":"https:\/\/mediarun.com\/pl\/wp-json\/wp\/v2\/posts\/85706","targetHints":{"allow":["GET"]}}],"collection":[{"href":"https:\/\/mediarun.com\/pl\/wp-json\/wp\/v2\/posts"}],"about":[{"href":"https:\/\/mediarun.com\/pl\/wp-json\/wp\/v2\/types\/post"}],"author":[{"embeddable":true,"href":"https:\/\/mediarun.com\/pl\/wp-json\/wp\/v2\/users\/1"}],"replies":[{"embeddable":true,"href":"https:\/\/mediarun.com\/pl\/wp-json\/wp\/v2\/comments?post=85706"}],"version-history":[{"count":0,"href":"https:\/\/mediarun.com\/pl\/wp-json\/wp\/v2\/posts\/85706\/revisions"}],"wp:featuredmedia":[{"embeddable":true,"href":"https:\/\/mediarun.com\/pl\/wp-json\/wp\/v2\/media\/85707"}],"wp:attachment":[{"href":"https:\/\/mediarun.com\/pl\/wp-json\/wp\/v2\/media?parent=85706"}],"wp:term":[{"taxonomy":"category","embeddable":true,"href":"https:\/\/mediarun.com\/pl\/wp-json\/wp\/v2\/categories?post=85706"},{"taxonomy":"post_tag","embeddable":true,"href":"https:\/\/mediarun.com\/pl\/wp-json\/wp\/v2\/tags?post=85706"}],"curies":[{"name":"wp","href":"https:\/\/api.w.org\/{rel}","templated":true}]}}