{"id":85698,"date":"2005-11-07T17:04:36","date_gmt":"2005-11-07T16:04:36","guid":{"rendered":"https:\/\/mediarun.com\/index.php\/news-posts\/kolejne-odznaczenia-dla-pracownikow-pr\/"},"modified":"2005-11-07T17:04:36","modified_gmt":"2005-11-07T16:04:36","slug":"kolejne-odznaczenia-dla-pracownikow-pr","status":"publish","type":"post","link":"https:\/\/mediarun.com\/pl\/media\/radio\/kolejne-odznaczenia-dla-pracownikow-pr.html","title":{"rendered":"Kolejne odznaczenia dla pracownik\u00f3w PR"},"content":{"rendered":"<p>Z\u0142otym Krzy\u017cem Zas\u0142ugi uhonorowana zosta\u0142a Joanna Wnuk &#8211; Nazarowska.<\/p>\n<p>Srebrny Krzy\u017c Zas\u0142ugi wr\u0119czony zosta\u0142: Ma\u0142gorzacie Baruckiej, Adamowi Berasiowi, Aleksandrowi Bucholzowi, Ma\u0142gorzacie Dydo, Wojciechowi Jedli\u0144skiemu, Marii Kluczy\u0144skiej &#8211; Rogowieckiej, Markowi Kluzie, Krystynie Ko\u0142osiewskiej &#8211; Kuczko, W\u0142odzimierzowi Konopskiemu, Ma\u0142gorzacie Kownackiej, Mateuszowi Kuczko, Ma\u0142gorzacie M\u0142ynarskiej, Markowi Niewiadomskiemu, Maciejowi Ramusowi, Teresie Sibidzie, Ewie Stockiej &#8211; Kalinowskiej, Renacie Susa\u0142ko, Gra\u017cynie Teodorowicz, Magdalenie Wosi\u0144skiej, Markowi Zwyrzykowskiemu.<\/p>\n<p>Br\u0105zowy Krzy\u017c Zas\u0142ugi otrzymali: Przemys\u0142aw Koteras, Barbara Liszewska, Gra\u017cyna M\u0119drzycka &#8211; G\u0119sicka, Gra\u017cyna Nogowska &#8211; Bielejewska, Ma\u0142gorzata Wieteska, Bogdan \u017bary\u0144, R\u00f3\u017ca \u017bwan.<\/p>\n<p>Cz\u0119\u015b\u0107 pracownik\u00f3w Polskiego Radia zosta\u0142a uhonorowanych orderami i odznaczeniami pa\u0144stwowymi 6 oraz 25 pa\u017adziernika br.<\/p>\n","protected":false},"excerpt":{"rendered":"W poniedzia\u0142ek odby\u0142a si\u0119 uroczysto\u015b\u0107 wr\u0119czenia odznacze\u0144 pa\u0144stwowych zas\u0142u\u017conym pracownikom Polskiego Radia. W imieniu prezydenta Aleksandra Kwa\u015bniewskiego Z\u0142oty, Srebrne i Br\u0105zowe Krzy\u017ce Zas\u0142ugi wr\u0119cza\u0142 Dariusz Szymczycha &#8211; sekretarz stanu w Kancelarii Prezydenta.","protected":false},"author":1,"featured_media":85699,"comment_status":"open","ping_status":"closed","sticky":false,"template":"","format":"standard","meta":{"csco_display_header_overlay":false,"csco_singular_sidebar":"","csco_page_header_type":"","csco_page_load_nextpost":"","csco_post_video_location":[],"csco_post_video_location_hash":"","csco_post_video_url":"","csco_post_video_bg_start_time":0,"csco_post_video_bg_end_time":0,"footnotes":""},"categories":[9672],"tags":[],"class_list":{"0":"post-85698","1":"post","2":"type-post","3":"status-publish","4":"format-standard","5":"has-post-thumbnail","7":"category-radio","8":"cs-entry","9":"cs-video-wrap"},"_links":{"self":[{"href":"https:\/\/mediarun.com\/pl\/wp-json\/wp\/v2\/posts\/85698","targetHints":{"allow":["GET"]}}],"collection":[{"href":"https:\/\/mediarun.com\/pl\/wp-json\/wp\/v2\/posts"}],"about":[{"href":"https:\/\/mediarun.com\/pl\/wp-json\/wp\/v2\/types\/post"}],"author":[{"embeddable":true,"href":"https:\/\/mediarun.com\/pl\/wp-json\/wp\/v2\/users\/1"}],"replies":[{"embeddable":true,"href":"https:\/\/mediarun.com\/pl\/wp-json\/wp\/v2\/comments?post=85698"}],"version-history":[{"count":0,"href":"https:\/\/mediarun.com\/pl\/wp-json\/wp\/v2\/posts\/85698\/revisions"}],"wp:featuredmedia":[{"embeddable":true,"href":"https:\/\/mediarun.com\/pl\/wp-json\/wp\/v2\/media\/85699"}],"wp:attachment":[{"href":"https:\/\/mediarun.com\/pl\/wp-json\/wp\/v2\/media?parent=85698"}],"wp:term":[{"taxonomy":"category","embeddable":true,"href":"https:\/\/mediarun.com\/pl\/wp-json\/wp\/v2\/categories?post=85698"},{"taxonomy":"post_tag","embeddable":true,"href":"https:\/\/mediarun.com\/pl\/wp-json\/wp\/v2\/tags?post=85698"}],"curies":[{"name":"wp","href":"https:\/\/api.w.org\/{rel}","templated":true}]}}