{"id":85692,"date":"2005-11-07T18:50:31","date_gmt":"2005-11-07T17:50:31","guid":{"rendered":"https:\/\/mediarun.com\/index.php\/news-posts\/przegrana-krrit\/"},"modified":"2005-11-07T18:50:31","modified_gmt":"2005-11-07T17:50:31","slug":"przegrana-krrit","status":"publish","type":"post","link":"https:\/\/mediarun.com\/pl\/media\/tv\/przegrana-krrit.html","title":{"rendered":"Przegrana KRRiT"},"content":{"rendered":"<p>Jak donosi Wydzia\u0142 Rzecznika TVP, s\u0105d nie podzieli\u0142 stanowiska KRRiT, w kt\u00f3rym zakwestionowano wa\u017cno\u015b\u0107 mandatu Marka Ostrowskiego w Radzie Nadzorczej TVP SA, po tym jak we wrze\u015bniu 2004 r., b\u0119d\u0105c cz\u0142onkiem Rady Nadzorczej, podj\u0105\u0142 on prac\u0119 na stanowisku zast\u0119pcy dyrektora w TVP3. Zdaniem cz\u0119\u015bci cz\u0142onk\u00f3w Rady Nadzorczej TVP i KRRiT zatrudnienie to by\u0142o niezgodne z prawem. Wobec pojawiaj\u0105cych si\u0119 w\u0105tpliwo\u015bci natury prawnej, w pa\u017adzierniku 2004 r. Marek Ostrowski zrezygnowa\u0142 z funkcji zast\u0119pcy dyrektora w TVP3, natomiast nadal sprawuje mandat cz\u0142onka Rady Nadzorczej.<\/p>\n<p>W uzasadnieniu orzeczenia S\u0105d wskaza\u0142 na brak podstaw faktycznych do przyj\u0119cia, \u017ce zatrudnienie Marka Ostrowskiego w TVP S.A. naruszy\u0142o zakaz \u0142\u0105czenia stanowisk, o kt\u00f3rym mowa w art. 387 Kodeksu Sp\u00f3\u0142ek Handlowych, poniewa\u017c nie by\u0142o elementu bezpo\u015bredniej podleg\u0142o\u015bci Marka Ostrowskiego w stosunku do Zarz\u0105du TVP S.A.<\/p>\n<p>Rozstrzygni\u0119cie s\u0105du przynios\u0142o oczekiwan\u0105 od roku wyk\u0142adni\u0119 problemu prawnego, wobec kt\u00f3rego pojawi\u0142o si\u0119 wiele rozbie\u017cnych interpretacji i potwierdzi\u0142o s\u0142uszno\u015b\u0107 decyzji Zarz\u0105du TVP S.A. o niedokonywaniu zmiany wpisu w Krajowym Rejestrze S\u0105dowym. Dzisiejszy wyrok wskazuje, \u017ce wszystkie decyzje Zarz\u0105du TVP S.A. odno\u015bnie prowadzenia spraw Sp\u00f3\u0142ki w sytuacji kwestionowania mandatu Marka Ostrowskiego jako cz\u0142onka Rady Nadzorczej by\u0142y w\u0142a\u015bciwe i nale\u017cycie zapewni\u0142y funkcjonowanie jej organ\u00f3w zgodnie z prawem i przy zachowaniu najwy\u017cszej staranno\u015bci profesjonalnej.<\/p>\n","protected":false},"excerpt":{"rendered":"Warszawski S\u0105d Okr\u0119gowy oddali\u0142 w poniedzia\u0142ek pow\u00f3dztwo Krajowej Rady Radiofonii i Telewizji w sprawie mandatu Marka Ostrowskiego, cz\u0142onka Rady Nadzorczej TVP. &#8211; Oznacza to, \u017ce decyzje i uchwa\u0142y podj\u0119te przez Rad\u0119 Nadzorcz\u0105 Sp\u00f3\u0142ki po 15 wrze\u015bnia 2004 r. s\u0105 prawnie skuteczne &#8211; informuje TVP.","protected":false},"author":1,"featured_media":85693,"comment_status":"open","ping_status":"closed","sticky":false,"template":"","format":"standard","meta":{"csco_display_header_overlay":false,"csco_singular_sidebar":"","csco_page_header_type":"","csco_page_load_nextpost":"","csco_post_video_location":[],"csco_post_video_location_hash":"","csco_post_video_url":"","csco_post_video_bg_start_time":0,"csco_post_video_bg_end_time":0,"footnotes":""},"categories":[9670],"tags":[],"class_list":{"0":"post-85692","1":"post","2":"type-post","3":"status-publish","4":"format-standard","5":"has-post-thumbnail","7":"category-tv","8":"cs-entry","9":"cs-video-wrap"},"_links":{"self":[{"href":"https:\/\/mediarun.com\/pl\/wp-json\/wp\/v2\/posts\/85692","targetHints":{"allow":["GET"]}}],"collection":[{"href":"https:\/\/mediarun.com\/pl\/wp-json\/wp\/v2\/posts"}],"about":[{"href":"https:\/\/mediarun.com\/pl\/wp-json\/wp\/v2\/types\/post"}],"author":[{"embeddable":true,"href":"https:\/\/mediarun.com\/pl\/wp-json\/wp\/v2\/users\/1"}],"replies":[{"embeddable":true,"href":"https:\/\/mediarun.com\/pl\/wp-json\/wp\/v2\/comments?post=85692"}],"version-history":[{"count":0,"href":"https:\/\/mediarun.com\/pl\/wp-json\/wp\/v2\/posts\/85692\/revisions"}],"wp:featuredmedia":[{"embeddable":true,"href":"https:\/\/mediarun.com\/pl\/wp-json\/wp\/v2\/media\/85693"}],"wp:attachment":[{"href":"https:\/\/mediarun.com\/pl\/wp-json\/wp\/v2\/media?parent=85692"}],"wp:term":[{"taxonomy":"category","embeddable":true,"href":"https:\/\/mediarun.com\/pl\/wp-json\/wp\/v2\/categories?post=85692"},{"taxonomy":"post_tag","embeddable":true,"href":"https:\/\/mediarun.com\/pl\/wp-json\/wp\/v2\/tags?post=85692"}],"curies":[{"name":"wp","href":"https:\/\/api.w.org\/{rel}","templated":true}]}}