{"id":85689,"date":"2005-11-07T22:35:08","date_gmt":"2005-11-07T21:35:08","guid":{"rendered":"https:\/\/mediarun.com\/index.php\/news-posts\/premiera-iv-czesci-przygod-harryego\/"},"modified":"2005-11-07T22:35:08","modified_gmt":"2005-11-07T21:35:08","slug":"premiera-iv-czesci-przygod-harryego","status":"publish","type":"post","link":"https:\/\/mediarun.com\/pl\/wydarzenia\/premiera-iv-czesci-przygod-harryego.html","title":{"rendered":"Premiera IV. cz\u0119\u015bci przyg\u00f3d Harryego"},"content":{"rendered":"<p>&#8222;Zdecydowa\u0142a o tym specjalna komisja, uznaj\u0105c, \u017ce film zawiera &#8222;sceny przemocy&#8221; i >mo\u017ce wzbudza\u0107 niepok\u00f3j u dzieci<. W USA film, wyre\u017cyserowany przez Brytyjczyka Mike'a Newella, jest dozwolony od lat 13. W Polsce produkcj\u0119 \"Harry Potter i czara ognia\" b\u0119dzie mo\u017cna ogl\u0105da\u0107 od 25 listopada.&#8221; \n\n&#8222;Film trwa 157 minut. D\u0142u\u017csza by\u0142a tylko adaptacja drugiej cz\u0119\u015bci \"Harry Potter i komnata tajemnic\" - o trzy minuty. Zdj\u0119cia do pi\u0105tej cz\u0119\u015bci przyg\u00f3d m\u0142odego czarodzieja maj\u0105 rozpocz\u0105\u0107 si\u0119 w lutym przysz\u0142ego roku. Do kin trafi w 2007 roku.&#8221;\n\n&#8222;Najbardziej zagorzali fani opowie\u015bci o Harrym przez kilka godzin okupowali plan przed kinem Odeon, gdzie mia\u0142a odby\u0107 si\u0119 premiera. Odtw\u00f3rca g\u0142\u00f3wnej roli Daniel Radcliffe dzi\u0119kowa\u0142 fanom za entuzjastyczne przyj\u0119cie filmu. >Je\u017celi ten film was nie poruszy, to nic nie zdo\u0142a tego zrobi\u0107< - powiedzia\u0142. W najnowszym filmie Harry walczy ze swoim odwiecznym wrogiem Lordem Voldemortem i... po raz pierwszy si\u0119 zakochuje.&#8221; &#8211; dowiadujemy si\u0119 z BBC.\n\n<\/p>\n","protected":false},"excerpt":{"rendered":"&#8222;W Londynie odby\u0142a si\u0119 \u015bwiatowa premiera filmu &#8222;Harry Potter i czara ognia&#8221;. Swoj\u0105 obecno\u015bci\u0105 premier\u0119 u\u015bwietnili odtw\u00f3rcy g\u0142\u00f3wnych r\u00f3l: Daniel Radcliff, Rupert Grint i Emmy Watson. Najnowsza produkcja jest czwart\u0105 w serii przyg\u00f3d m\u0142odego czarodzieja. Zdaniem krytyk\u00f3w jest najbardziej mroczna z dotychczasowych. W Wielkiej Brytanii dzieci do lat 12 musz\u0105 ogl\u0105da\u0107 go w towarzystwie doros\u0142ego.&#8221; &#8211; informuje BBC Polska.","protected":false},"author":1,"featured_media":0,"comment_status":"open","ping_status":"closed","sticky":false,"template":"","format":"standard","meta":{"csco_display_header_overlay":false,"csco_singular_sidebar":"","csco_page_header_type":"","csco_page_load_nextpost":"","csco_post_video_location":[],"csco_post_video_location_hash":"","csco_post_video_url":"","csco_post_video_bg_start_time":0,"csco_post_video_bg_end_time":0,"footnotes":""},"categories":[46],"tags":[],"class_list":{"0":"post-85689","1":"post","2":"type-post","3":"status-publish","4":"format-standard","6":"category-wydarzenia","7":"cs-entry","8":"cs-video-wrap"},"_links":{"self":[{"href":"https:\/\/mediarun.com\/pl\/wp-json\/wp\/v2\/posts\/85689","targetHints":{"allow":["GET"]}}],"collection":[{"href":"https:\/\/mediarun.com\/pl\/wp-json\/wp\/v2\/posts"}],"about":[{"href":"https:\/\/mediarun.com\/pl\/wp-json\/wp\/v2\/types\/post"}],"author":[{"embeddable":true,"href":"https:\/\/mediarun.com\/pl\/wp-json\/wp\/v2\/users\/1"}],"replies":[{"embeddable":true,"href":"https:\/\/mediarun.com\/pl\/wp-json\/wp\/v2\/comments?post=85689"}],"version-history":[{"count":0,"href":"https:\/\/mediarun.com\/pl\/wp-json\/wp\/v2\/posts\/85689\/revisions"}],"wp:attachment":[{"href":"https:\/\/mediarun.com\/pl\/wp-json\/wp\/v2\/media?parent=85689"}],"wp:term":[{"taxonomy":"category","embeddable":true,"href":"https:\/\/mediarun.com\/pl\/wp-json\/wp\/v2\/categories?post=85689"},{"taxonomy":"post_tag","embeddable":true,"href":"https:\/\/mediarun.com\/pl\/wp-json\/wp\/v2\/tags?post=85689"}],"curies":[{"name":"wp","href":"https:\/\/api.w.org\/{rel}","templated":true}]}}