{"id":85648,"date":"2005-11-08T09:10:01","date_gmt":"2005-11-08T08:10:01","guid":{"rendered":"https:\/\/mediarun.com\/index.php\/news-posts\/ogladalnosc-kultury\/"},"modified":"2005-11-08T09:10:01","modified_gmt":"2005-11-08T08:10:01","slug":"ogladalnosc-kultury","status":"publish","type":"post","link":"https:\/\/mediarun.com\/pl\/media\/tv\/ogladalnosc-kultury.html","title":{"rendered":"Ogl\u0105dalno\u015b\u0107 Kultury"},"content":{"rendered":"<p>Kana\u0142 TVP Kultura jest dost\u0119pny w 143 sieciach kablowych, w tym w pakietach cyfrowych Aster City Cable w Warszawie, Krakowie i Poznaniu (\u0142\u0105czna ilo\u015b\u0107 gniazdek &#8211; ponad 385 tys.). TVP Kultura jest rozpowszechniana w ramach platformy Polsatu Cyfrowego i Canal + Cyfrowy (ok. 1.100 tys. abonent\u00f3w) i przez satelit\u0119 Astra w cyfrowej wersji niekodowanej (ok. 450 tys. odbiorc\u00f3w).  <\/p>\n<p>Kana\u0142 TVP Kultura nie jest reemitowany przez 160 operator\u00f3w telewizji kablowej, w tym najwi\u0119kszych, zrzeszonych w Polskiej Izbie Komunikacji Elektronicznej (o \u0142\u0105cznej liczbie abonent\u00f3w, przekraczaj\u0105cej ponad 3 mln). Trwaj\u0105 rozmowy dotycz\u0105ce zawierania um\u00f3w na reemisj\u0119 kana\u0142u TVP Kultura.<\/p>\n","protected":false},"excerpt":{"rendered":"Z informacji Dzia\u0142u Reemisji Biura Wsp\u00f3\u0142pracy Mi\u0119dzynarodowej i Handlu wynika, \u017ce kana\u0142 TVP Kultura mo\u017ce obecnie odbiera\u0107 1.935 tys. os\u00f3b, czyli 34 proc. potencjalnej ilo\u015bci widz\u00f3w (5.750 tys. odbiorc\u00f3w telewizji kablowej i satelitarnej).","protected":false},"author":1,"featured_media":85649,"comment_status":"open","ping_status":"closed","sticky":false,"template":"","format":"standard","meta":{"csco_display_header_overlay":false,"csco_singular_sidebar":"","csco_page_header_type":"","csco_page_load_nextpost":"","csco_post_video_location":[],"csco_post_video_location_hash":"","csco_post_video_url":"","csco_post_video_bg_start_time":0,"csco_post_video_bg_end_time":0,"footnotes":""},"categories":[9670],"tags":[],"class_list":{"0":"post-85648","1":"post","2":"type-post","3":"status-publish","4":"format-standard","5":"has-post-thumbnail","7":"category-tv","8":"cs-entry","9":"cs-video-wrap"},"_links":{"self":[{"href":"https:\/\/mediarun.com\/pl\/wp-json\/wp\/v2\/posts\/85648","targetHints":{"allow":["GET"]}}],"collection":[{"href":"https:\/\/mediarun.com\/pl\/wp-json\/wp\/v2\/posts"}],"about":[{"href":"https:\/\/mediarun.com\/pl\/wp-json\/wp\/v2\/types\/post"}],"author":[{"embeddable":true,"href":"https:\/\/mediarun.com\/pl\/wp-json\/wp\/v2\/users\/1"}],"replies":[{"embeddable":true,"href":"https:\/\/mediarun.com\/pl\/wp-json\/wp\/v2\/comments?post=85648"}],"version-history":[{"count":0,"href":"https:\/\/mediarun.com\/pl\/wp-json\/wp\/v2\/posts\/85648\/revisions"}],"wp:featuredmedia":[{"embeddable":true,"href":"https:\/\/mediarun.com\/pl\/wp-json\/wp\/v2\/media\/85649"}],"wp:attachment":[{"href":"https:\/\/mediarun.com\/pl\/wp-json\/wp\/v2\/media?parent=85648"}],"wp:term":[{"taxonomy":"category","embeddable":true,"href":"https:\/\/mediarun.com\/pl\/wp-json\/wp\/v2\/categories?post=85648"},{"taxonomy":"post_tag","embeddable":true,"href":"https:\/\/mediarun.com\/pl\/wp-json\/wp\/v2\/tags?post=85648"}],"curies":[{"name":"wp","href":"https:\/\/api.w.org\/{rel}","templated":true}]}}