{"id":85646,"date":"2005-11-08T09:19:16","date_gmt":"2005-11-08T08:19:16","guid":{"rendered":"https:\/\/mediarun.com\/index.php\/news-posts\/tygodniki-opinii-w-sierpniu\/"},"modified":"2005-11-08T09:19:16","modified_gmt":"2005-11-08T08:19:16","slug":"tygodniki-opinii-w-sierpniu","status":"publish","type":"post","link":"https:\/\/mediarun.com\/pl\/media\/prasa\/tygodniki-opinii-w-sierpniu.html","title":{"rendered":"Tygodniki opinii w sierpniu"},"content":{"rendered":"<p>&#8211; Sierpie\u0144 tradycyjnie jest jednym z najgorszych miesi\u0119cy w bran\u017cy medialno-reklamowej ze wzgl\u0119du na sezon wakacyjny, podczas kt\u00f3rego ludzie mniej intensywnie korzystaj\u0105 z medi\u00f3w. Z najnowszych danych Zwi\u0105zku Kontroli Dystrybucji Prasy wynika, \u017ce temu wakacyjnemu trendowi nie opar\u0142o si\u0119 te\u017c pi\u0119\u0107 najwi\u0119kszych tygodnik\u00f3w opinii, w sierpniu ich sprzeda\u017c by\u0142a mniejsza ni\u017c przed rokiem. &#8211; donosi &#8222;GW&#8221;<\/p>\n<p>&#8211; Na czele rankingu jest &#8222;Polityka&#8221;, kt\u00f3ra w czerwcu sprzedawa\u0142a \u015brednio 174,6 tys. egz. tygodniowo. To o 4 proc. mniej ni\u017c rok temu. Na drugim miejscu znalaz\u0142 si\u0119 &#8222;Wprost&#8221; ze \u015bredni\u0105 sprzeda\u017c\u0105 na poziomie 166,7 tys. egz. tygodniowo, co daje spadek o 0,6 proc. &#8211; najmniejszy w tym segmencie rynku. Trzecie miejsce zaj\u0105\u0142 &#8222;Newsweek Polska&#8221; wydawany przez Axel Springer Polska. Ten tytu\u0142 zamkn\u0105\u0142 sierpie\u0144 sprzeda\u017c\u0105 na poziomie 156,5 tys. egz., czyli o 16,5 proc. mniej ni\u017c rok wcze\u015bniej. Najwi\u0119kszy spadek odnotowa\u0142 w sierpniu tygodnik &#8222;Przekr\u00f3j&#8221; nale\u017c\u0105cy do Edipresse Polska. Jego \u015brednia sprzeda\u017c wynios\u0142a w sierpniu 80,9 tys. egz. i by\u0142a o 18,5 proc. ni\u017csza ni\u017c przed rokiem. Ukazuj\u0105cy si\u0119 od kwietnia tego roku &#8222;Ozon&#8221; kontrolowany przez Janusza Palikota, pos\u0142a PO oraz w\u0142a\u015bciciela Polmosu Lublin, sprzedawa\u0142 w sierpniu \u015brednio 46,8 tys. egz. To prawie o po\u0142ow\u0119 mniej ni\u017c podczas kwietniowego debiutu tego pisma. &#8211; czytamy w &#8222;Gazecie Wyborczej&#8221;<\/p>\n","protected":false},"excerpt":{"rendered":"&#8222;Newsweek Polska&#8221; i &#8222;Przekr\u00f3j&#8221; mia\u0142y sprzeda\u017c o kilkana\u015bcie proc. mniejsz\u0105 ni\u017c przed rokiem. &#8211; Pi\u0119\u0107 najwi\u0119kszych tygodnik\u00f3w opinii zamkn\u0119\u0142o sierpie\u0144 spadkami. Liderem pod wzgl\u0119dem sprzeda\u017cy pozostaje &#8222;Polityka&#8221; &#8211; informuje &#8222;Gazeta Wyborcza&#8221;","protected":false},"author":1,"featured_media":85647,"comment_status":"open","ping_status":"closed","sticky":false,"template":"","format":"standard","meta":{"csco_display_header_overlay":false,"csco_singular_sidebar":"","csco_page_header_type":"","csco_page_load_nextpost":"","csco_post_video_location":[],"csco_post_video_location_hash":"","csco_post_video_url":"","csco_post_video_bg_start_time":0,"csco_post_video_bg_end_time":0,"footnotes":""},"categories":[9673],"tags":[],"class_list":{"0":"post-85646","1":"post","2":"type-post","3":"status-publish","4":"format-standard","5":"has-post-thumbnail","7":"category-prasa","8":"cs-entry","9":"cs-video-wrap"},"_links":{"self":[{"href":"https:\/\/mediarun.com\/pl\/wp-json\/wp\/v2\/posts\/85646","targetHints":{"allow":["GET"]}}],"collection":[{"href":"https:\/\/mediarun.com\/pl\/wp-json\/wp\/v2\/posts"}],"about":[{"href":"https:\/\/mediarun.com\/pl\/wp-json\/wp\/v2\/types\/post"}],"author":[{"embeddable":true,"href":"https:\/\/mediarun.com\/pl\/wp-json\/wp\/v2\/users\/1"}],"replies":[{"embeddable":true,"href":"https:\/\/mediarun.com\/pl\/wp-json\/wp\/v2\/comments?post=85646"}],"version-history":[{"count":0,"href":"https:\/\/mediarun.com\/pl\/wp-json\/wp\/v2\/posts\/85646\/revisions"}],"wp:featuredmedia":[{"embeddable":true,"href":"https:\/\/mediarun.com\/pl\/wp-json\/wp\/v2\/media\/85647"}],"wp:attachment":[{"href":"https:\/\/mediarun.com\/pl\/wp-json\/wp\/v2\/media?parent=85646"}],"wp:term":[{"taxonomy":"category","embeddable":true,"href":"https:\/\/mediarun.com\/pl\/wp-json\/wp\/v2\/categories?post=85646"},{"taxonomy":"post_tag","embeddable":true,"href":"https:\/\/mediarun.com\/pl\/wp-json\/wp\/v2\/tags?post=85646"}],"curies":[{"name":"wp","href":"https:\/\/api.w.org\/{rel}","templated":true}]}}