{"id":85640,"date":"2005-11-08T18:15:43","date_gmt":"2005-11-08T17:15:43","guid":{"rendered":"https:\/\/mediarun.com\/index.php\/news-posts\/vox-fm-ma-byc-radiem-opiniotworczym\/"},"modified":"2005-11-08T18:15:43","modified_gmt":"2005-11-08T17:15:43","slug":"vox-fm-ma-byc-radiem-opiniotworczym","status":"publish","type":"post","link":"https:\/\/mediarun.com\/pl\/media\/radio\/vox-fm-ma-byc-radiem-opiniotworczym.html","title":{"rendered":"&#8222;Vox FM ma by\u0107 radiem opiniotw\u00f3rczym&#8221;"},"content":{"rendered":"<p>&#8211; Informacja jest obecna w Radiu Vox w ci\u0105gu ca\u0142ego dnia a najlepsz\u0105 por\u0105 dla program\u00f3w poruszaj\u0105cych tematyk\u0119 spo\u0142eczno-religijn\u0105 s\u0105 popo\u0142udnia i wieczory, gdy s\u0142uchacze bardziej aktywnie s\u0142uchaj\u0105 radia, koncentruj\u0105c si\u0119 na tre\u015bci &#8211; m\u00f3wi nam Leszek Kozio\u0142, prezes nowej sieci. &#8211; W ci\u0105gu dnia radio jest raczej medium towarzysz\u0105cym innym obowi\u0105zk\u00f3w &#8211; dodaje.<\/p>\n<p>&#8211; Naszym pomys\u0142em na ciekawe zagospodarowanie pasma publicystycznego, jest powierzenie prowadzenia tych audycji osobom, kt\u00f3re maj\u0105 do\u015bwiadczenie medialne i s\u0105 rozpoznawalne przez wi\u0119kszo\u015b\u0107 naszych s\u0142uchaczy &#8211; t\u0142umaczy nam Leszek Kozio\u0142. Prezes uwa\u017ca, \u017ce takimi osobami s\u0105 Iwona Schymalla, Rafa\u0142 Ziemkiewicz i Szymon Ho\u0142ownia, z kt\u00f3rymi Radio Vox FM nawi\u0105za\u0142o wsp\u00f3\u0142prac\u0119. &#8211; W najbli\u017cszych dniach zako\u0144czymy kompletowanie zespo\u0142u programowego i wtedy te\u017c b\u0119dziemy mogli poda\u0107 nazwiska kolejnych os\u00f3b &#8211; m\u00f3wi nam.<\/p>\n<p>&#8211; Zdecydowa\u0142em si\u0119 na wsp\u00f3\u0142prac\u0119 z Voxem, bo wydaje mi si\u0119, \u017ce jest szansa \u017ceby by\u0142o to naprawd\u0119 sensowne radio &#8211; wyja\u015bnia nam Szymon Ho\u0142ownia, jeden z gospodarzy wieczornego pasma. &#8211; Radio o proweniencji katolickiej, ale jednak otwarte i &#8211; co najwa\u017cniejsze &#8211; trwa\u0142e na polskim rynku, tj. sprawnie prowadzony od strony biznesowej &#8211; dodaje dziennikarz, kt\u00f3ry jest zast\u0119pc\u0105 kierownika dzia\u0142u &#8222;Plus Minus&#8221; w &#8222;Rzeczpospolitej&#8221;.<\/p>\n<p>Program Ho\u0142owni, pod robocz\u0105 nazw\u0105 &#8222;Agencja Dobrego Wywiadu&#8221;, pojawia\u0107 si\u0119 b\u0119dzie na antenie w ka\u017cd\u0105 \u015brod\u0119 mi\u0119dzy godzin\u0105 20, a 22. &#8211; Mam nadziej\u0119 zaprasza\u0107 do niego rozm\u00f3wc\u00f3w, od kt\u00f3rych sam chcia\u0142bym si\u0119 wiele dowiedzie\u0107. B\u0119dziemy dyskutowa\u0107 g\u0142\u00f3wnie o sprawach z pogranicza cywilizacji, psychologii, socjologii i kultury &#8211; t\u0142umaczy nam Szymon Ho\u0142ownia. &#8211; W pierwszym programie na warsztat we\u017amiemy strach &#8211; zastanowimy si\u0119 nad odpowiedzi\u0105 na pytanie &#8211; dlaczego i po co wszyscy nas strasz\u0105 &#8211; lekarze ptasi\u0105 gryp\u0105, politycy &#8211; Lepperem lub komunistami, ksi\u0119\u017ca &#8211; diab\u0142em. Czy te strachy maj\u0105 sens, czy raczej wielkie oczy &#8211; m\u00f3wi nam dziennikarz.<\/p>\n<p>Radio Vox FM nadaje od 31 pa\u017adziernika w dziewi\u0119ciu miastach Polski (w Warszawie, Krakowie, \u0141odzi, Koszalinie, Szczecinie, Gryficach, Lipianach, Zakopanem i Rabce). Docelowo sie\u0107 ZPR, kt\u00f3ra powsta\u0142a na bazie dawnych rozg\u0142o\u015bni Radia Plus, ma liczy\u0107 25 &#8211; 30 stacji, obejmuj\u0105c zasi\u0119giem technicznym 50 &#8211; 60 proc. terytorium Polski. Stacja gra najwi\u0119ksze przeboje lat &#8217;60, &#8217;70, i &#8217;80. Vox FM ma zamiar realizowa\u0107 program spo\u0142eczno-religijny adresowany do s\u0142uchaczy w wieku 30-49 lat.<\/p>\n","protected":false},"excerpt":{"rendered":"Radio Vox FM, kt\u00f3re ruszy\u0142o przed tygodniem, wed\u0142ug zapewnie\u0144 prezesa Leszka Kozio\u0142a, ma by\u0107 radiem opiniotw\u00f3rczym. &#8211; Dlatego zamierzamy du\u017co wysi\u0142ku skupi\u0107 na informacji i publicystyce &#8211; wyja\u015bnia nam. Wieczorne pasmo publicystyczne od godziny 20 do 22 prowadz\u0105 m.in. Iwona Schymalla, Rafa\u0142 Ziemkiewicz i Szymon Ho\u0142ownia. Wkr\u00f3tce do\u0142\u0105cz\u0105 kolejni dziennikarze.","protected":false},"author":1,"featured_media":85641,"comment_status":"open","ping_status":"closed","sticky":false,"template":"","format":"standard","meta":{"csco_display_header_overlay":false,"csco_singular_sidebar":"","csco_page_header_type":"","csco_page_load_nextpost":"","csco_post_video_location":[],"csco_post_video_location_hash":"","csco_post_video_url":"","csco_post_video_bg_start_time":0,"csco_post_video_bg_end_time":0,"footnotes":""},"categories":[9672],"tags":[],"class_list":{"0":"post-85640","1":"post","2":"type-post","3":"status-publish","4":"format-standard","5":"has-post-thumbnail","7":"category-radio","8":"cs-entry","9":"cs-video-wrap"},"_links":{"self":[{"href":"https:\/\/mediarun.com\/pl\/wp-json\/wp\/v2\/posts\/85640","targetHints":{"allow":["GET"]}}],"collection":[{"href":"https:\/\/mediarun.com\/pl\/wp-json\/wp\/v2\/posts"}],"about":[{"href":"https:\/\/mediarun.com\/pl\/wp-json\/wp\/v2\/types\/post"}],"author":[{"embeddable":true,"href":"https:\/\/mediarun.com\/pl\/wp-json\/wp\/v2\/users\/1"}],"replies":[{"embeddable":true,"href":"https:\/\/mediarun.com\/pl\/wp-json\/wp\/v2\/comments?post=85640"}],"version-history":[{"count":0,"href":"https:\/\/mediarun.com\/pl\/wp-json\/wp\/v2\/posts\/85640\/revisions"}],"wp:featuredmedia":[{"embeddable":true,"href":"https:\/\/mediarun.com\/pl\/wp-json\/wp\/v2\/media\/85641"}],"wp:attachment":[{"href":"https:\/\/mediarun.com\/pl\/wp-json\/wp\/v2\/media?parent=85640"}],"wp:term":[{"taxonomy":"category","embeddable":true,"href":"https:\/\/mediarun.com\/pl\/wp-json\/wp\/v2\/categories?post=85640"},{"taxonomy":"post_tag","embeddable":true,"href":"https:\/\/mediarun.com\/pl\/wp-json\/wp\/v2\/tags?post=85640"}],"curies":[{"name":"wp","href":"https:\/\/api.w.org\/{rel}","templated":true}]}}