{"id":85638,"date":"2005-11-08T19:00:55","date_gmt":"2005-11-08T18:00:55","guid":{"rendered":"https:\/\/mediarun.com\/index.php\/news-posts\/konkurs-krasomowczy-z-jedynka\/"},"modified":"2005-11-08T19:00:55","modified_gmt":"2005-11-08T18:00:55","slug":"konkurs-krasomowczy-z-jedynka","status":"publish","type":"post","link":"https:\/\/mediarun.com\/pl\/media\/radio\/konkurs-krasomowczy-z-jedynka.html","title":{"rendered":"Konkurs Krasom\u00f3wczy z Jedynk\u0105"},"content":{"rendered":"<p>W cz\u0119\u015bci m\u0142odzie\u017cowej uczestnicz\u0105 uczniowie szk\u00f3\u0142 \u015brednich z ca\u0142ej Polski, ale nie tylko. Liczny jest te\u017c udzia\u0142 m\u0142odzie\u017cy z Litwy, Bia\u0142orusi i Ukrainy, a organizatorzy zapraszaj\u0105 m\u0142odzie\u017c polonijn\u0105 z ca\u0142ej Europy. Fundatorem nagrody g\u0142\u00f3wnej dla cz\u0119\u015bci m\u0142odzie\u017cowej jest Polskie Radio.<\/p>\n<p>Ide\u0105 konkursu by\u0142 sprzeciw przeciwko wulgaryzacji i &#8222;zachwaszczaniu&#8221; mowy polskiej przez wp\u0142ywy obcoj\u0119zyczne. Celem konkursu jest ch\u0119\u0107 zwr\u00f3cenia uwagi na pi\u0119kno mowy polskiej i si\u0142\u0119 s\u0142owa oraz uczenie sugestywnego i poprawnego m\u00f3wienia.<\/p>\n<p>Jedynka Polskiego Radia relacjonowa\u0107 b\u0119dzie przebieg konkursu. Relacje reporterskie, rozmowy z cz\u0142onkami Jury i uczestnikami, wyniki konkursu cz\u0119\u015bci m\u0142odzie\u017cowej uka\u017c\u0105 si\u0119 w dniach od czwartku 10 listopada do soboty 12 listopada w dziennikach i audycjach &#8222;Sygna\u0142y dnia&#8221;, &#8222;Z pierwszej r\u0119ki&#8221; i &#8222;\u015awiat w Jedynce&#8221;.<\/p>\n<p>Relacje z cz\u0119\u015bci przewodnickiej uka\u017c\u0105 si\u0119 w pi\u0105tek 18 listopada i niedziel\u0119 20 listopada w dziennikach. W poniedzia\u0142ek 21 listopada w porannych &#8222;Sygna\u0142ach dnia&#8221; rozmowa ze zwyci\u0119zc\u0105 konkursu w tej kategorii.<\/p>\n","protected":false},"excerpt":{"rendered":"Radiowa Jedynka obj\u0119\u0142a patronat medialnym nad tegorocznym XXXIV Mi\u0119dzynarodowym Konkursem Krasom\u00f3wczym dla m\u0142odzie\u017cy szk\u00f3\u0142 \u015brednich i przewodnik\u00f3w PTTK na Zamku Golubskim. Konkurs odb\u0119dzie si\u0119 w dw\u00f3ch cz\u0119\u015bciach: m\u0142odzie\u017cowa (9 &#8211; 12 listopada) i przewodnicka (18 &#8211; 20 listopada).","protected":false},"author":1,"featured_media":85639,"comment_status":"open","ping_status":"closed","sticky":false,"template":"","format":"standard","meta":{"csco_display_header_overlay":false,"csco_singular_sidebar":"","csco_page_header_type":"","csco_page_load_nextpost":"","csco_post_video_location":[],"csco_post_video_location_hash":"","csco_post_video_url":"","csco_post_video_bg_start_time":0,"csco_post_video_bg_end_time":0,"footnotes":""},"categories":[9672],"tags":[],"class_list":{"0":"post-85638","1":"post","2":"type-post","3":"status-publish","4":"format-standard","5":"has-post-thumbnail","7":"category-radio","8":"cs-entry","9":"cs-video-wrap"},"_links":{"self":[{"href":"https:\/\/mediarun.com\/pl\/wp-json\/wp\/v2\/posts\/85638","targetHints":{"allow":["GET"]}}],"collection":[{"href":"https:\/\/mediarun.com\/pl\/wp-json\/wp\/v2\/posts"}],"about":[{"href":"https:\/\/mediarun.com\/pl\/wp-json\/wp\/v2\/types\/post"}],"author":[{"embeddable":true,"href":"https:\/\/mediarun.com\/pl\/wp-json\/wp\/v2\/users\/1"}],"replies":[{"embeddable":true,"href":"https:\/\/mediarun.com\/pl\/wp-json\/wp\/v2\/comments?post=85638"}],"version-history":[{"count":0,"href":"https:\/\/mediarun.com\/pl\/wp-json\/wp\/v2\/posts\/85638\/revisions"}],"wp:featuredmedia":[{"embeddable":true,"href":"https:\/\/mediarun.com\/pl\/wp-json\/wp\/v2\/media\/85639"}],"wp:attachment":[{"href":"https:\/\/mediarun.com\/pl\/wp-json\/wp\/v2\/media?parent=85638"}],"wp:term":[{"taxonomy":"category","embeddable":true,"href":"https:\/\/mediarun.com\/pl\/wp-json\/wp\/v2\/categories?post=85638"},{"taxonomy":"post_tag","embeddable":true,"href":"https:\/\/mediarun.com\/pl\/wp-json\/wp\/v2\/tags?post=85638"}],"curies":[{"name":"wp","href":"https:\/\/api.w.org\/{rel}","templated":true}]}}