{"id":85630,"date":"2005-11-08T23:51:19","date_gmt":"2005-11-08T22:51:19","guid":{"rendered":"https:\/\/mediarun.com\/index.php\/news-posts\/po-raz-pierwszy-w-polsce-perly-jazzu-kubanskiego\/"},"modified":"2005-11-08T23:51:19","modified_gmt":"2005-11-08T22:51:19","slug":"po-raz-pierwszy-w-polsce-perly-jazzu-kubanskiego","status":"publish","type":"post","link":"https:\/\/mediarun.com\/pl\/wydarzenia\/po-raz-pierwszy-w-polsce-perly-jazzu-kubanskiego.html","title":{"rendered":"Po raz pierwszy w Polsce, per\u0142y jazzu kuba\u0144skiego"},"content":{"rendered":"<p>Znakomici arty\u015bci tu zgromadzeni i wydaj\u0105cy p\u0142yty pod znakiem tej firmy &#8211; Paquito D&#8217;Rivera, Gonzalo Rubalcaba, Chucho Valdez, Omara Portuondo &#8211; to uznane na \u015bwiecie nazwiska posiadaj\u0105ce jedn\u0105 im wsp\u00f3ln\u0105 cech\u0119 &#8211; potrafi\u0105 \u0142\u0105czy\u0107 tradycyjne rytmy wywodz\u0105ce si\u0119 z muzyki ludowej Kuby z progresywnym my\u015bleniem i wsp\u00f3\u0142czesn\u0105 wra\u017cliwo\u015bci\u0105 oraz spaja\u0107 w jeden muzyczny idiom muzyk\u0119 latynosk\u0105 i jazz. Yemay\u00e1 to tak\u017ce znak jako\u015bciowy &#8211; p\u0142yty tu wydawane cechuj\u0105 si\u0119 szczeg\u00f3ln\u0105 dba\u0142o\u015bci\u0105 o warstw\u0119 realizacyjn\u0105 brzmienia oraz estetyk\u0119 najmniejszych nawet szczeg\u00f3\u0142\u00f3w, co dodatkowo podnosi warto\u015b\u0107 wydawanych przez t\u0105 oficyn\u0119 nagra\u0144. <\/p>\n","protected":false},"excerpt":{"rendered":"Yemay\u00e1 powsta\u0142a po to aby pokazywa\u0107 i promowa\u0107 kuba\u0144ski jazz, nie przez przypadek siedziba wytw\u00f3rni mie\u015bci si\u0119 w Hiszpanii, wzajemne zwi\u0105zki obu kraj\u00f3w do dzisiaj s\u0105 bardzo silne.","protected":false},"author":1,"featured_media":0,"comment_status":"open","ping_status":"closed","sticky":false,"template":"","format":"standard","meta":{"csco_display_header_overlay":false,"csco_singular_sidebar":"","csco_page_header_type":"","csco_page_load_nextpost":"","csco_post_video_location":[],"csco_post_video_location_hash":"","csco_post_video_url":"","csco_post_video_bg_start_time":0,"csco_post_video_bg_end_time":0,"footnotes":""},"categories":[46],"tags":[],"class_list":{"0":"post-85630","1":"post","2":"type-post","3":"status-publish","4":"format-standard","6":"category-wydarzenia","7":"cs-entry","8":"cs-video-wrap"},"_links":{"self":[{"href":"https:\/\/mediarun.com\/pl\/wp-json\/wp\/v2\/posts\/85630","targetHints":{"allow":["GET"]}}],"collection":[{"href":"https:\/\/mediarun.com\/pl\/wp-json\/wp\/v2\/posts"}],"about":[{"href":"https:\/\/mediarun.com\/pl\/wp-json\/wp\/v2\/types\/post"}],"author":[{"embeddable":true,"href":"https:\/\/mediarun.com\/pl\/wp-json\/wp\/v2\/users\/1"}],"replies":[{"embeddable":true,"href":"https:\/\/mediarun.com\/pl\/wp-json\/wp\/v2\/comments?post=85630"}],"version-history":[{"count":0,"href":"https:\/\/mediarun.com\/pl\/wp-json\/wp\/v2\/posts\/85630\/revisions"}],"wp:attachment":[{"href":"https:\/\/mediarun.com\/pl\/wp-json\/wp\/v2\/media?parent=85630"}],"wp:term":[{"taxonomy":"category","embeddable":true,"href":"https:\/\/mediarun.com\/pl\/wp-json\/wp\/v2\/categories?post=85630"},{"taxonomy":"post_tag","embeddable":true,"href":"https:\/\/mediarun.com\/pl\/wp-json\/wp\/v2\/tags?post=85630"}],"curies":[{"name":"wp","href":"https:\/\/api.w.org\/{rel}","templated":true}]}}