{"id":85612,"date":"2005-11-09T00:55:31","date_gmt":"2005-11-08T23:55:31","guid":{"rendered":"https:\/\/mediarun.com\/index.php\/news-posts\/slomkowy-kapelusz-w-tvp-kultura\/"},"modified":"2005-11-09T00:55:31","modified_gmt":"2005-11-08T23:55:31","slug":"slomkowy-kapelusz-w-tvp-kultura","status":"publish","type":"post","link":"https:\/\/mediarun.com\/pl\/media\/tv\/slomkowy-kapelusz-w-tvp-kultura.html","title":{"rendered":"S\u0142omkowy kapelusz w TVP Kultura"},"content":{"rendered":"<p>Jest to kontynuacja cyklu transmisji spektakli teatralnych w TVP Kultura. We wrze\u015bniu 2005 pokazano r\u00f3\u017cnie\u017c &#8222;na \u017cywo&#8221; przedstawienie pt. &#8222;Made in Poland&#8221; z Teatru im. H. Modrzejewskiej w Legnicy. <\/p>\n<p>Premiera &#8222;S\u0142omkowego kapelusza&#8221; by\u0142a podobno &#8222;najg\u0142o\u015bniejszym wybuchem \u015bmiechu w dziewi\u0119tnastym wieku&#8221;. Farsa Eug\u00e9ne&#8217;a Labiche&#8217;a to arcydzie\u0142o swojego gatunku. W przedstawieniu znajdziemy komedi\u0119 omy\u0142ek, komedi\u0119 obyczajowa, zdrad\u0119, romans, mi\u0142o\u015b\u0107 dwojga m\u0142odych ludzi, ale przede wszystkim znakomit\u0105 zabaw\u0119. Rzecz ca\u0142a zaczyna si\u0119 od niewinnego z pozoru zdarzenia: podczas porannej przeja\u017cd\u017cki za miasto ko\u0144 m\u0142odego pary\u017canina Fadinarda zjada pewien s\u0142omkowy kapelusz. Kapelusz nale\u017cy do pani Beauperthuis, kt\u00f3ra mi\u0142o sp\u0119dza\u0142a tam czas z ognistym oficerem Emilem Tavernis. K\u0142opot jednak w tym, \u017ce pani Beauperthuis jest m\u0119\u017catk\u0105, a Tavernis jest tylko osob\u0105, z kt\u00f3r\u0105 ona mi\u0142o sp\u0119dza\u0142a czas. Dlatego trzeba jak najszybciej zdoby\u0107 s\u0142omkowy kapelusz, co wcale nie jest \u0142atwe&#8230; <\/p>\n<p>W przedstawieniu wyst\u0119puj\u0105: Eliza Borowska, Paulina Holtz, Edyta Olsz\u00f3wka, Maria Robaszkiewicz, Olga Sawicka, Jacek Braciak, Kazimierz Kaczor, Rafa\u0142 Kr\u00f3likowski, Sylwester Maciejewski, S\u0142awomir Pacek, Andrzej Piszczatowski, Krzysztof Stroi\u0144ski i Adam Woronowicz <\/p>\n<p>Re\u017cyser przedstawienia, Piotr Cieplak oraz Adam Woronowicz wcielaj\u0105cy si\u0119 w rol\u0119 Fadinarda zostali uhonorowani nagrodami im. Konrada Swinarskiego i Aleksandra Zelwerowicza przyznawanymi przez miesi\u0119cznik &#8222;Teatr&#8221; . <\/p>\n<p>15 listopada &#8211; TVP KULTURA w Teatrze Powszechnym: <\/p>\n<p>19:05 Studio TVP KULTURA w Teatrze Powszechnym w Warszawie<br \/>\n20:20 S\u0142omkowy kapelusz; transmisja przedstawienia; re\u017c. Piotr Cieplak<br \/>\n21:40 Studio TVP KULTURA w Teatrze Powszechnym w Warszawie <\/p>\n","protected":false},"excerpt":{"rendered":"&#8222;S\u0142omkowy kapelusz&#8221; w re\u017c. Piotra Cieplaka TVP Kultura zaprezentuje &#8222;na \u017cywo&#8221; z Teatru Powszechnego w Warszawie15 listopada.  Projekt realizowany jest we wsp\u00f3\u0142pracy z Urz\u0119dem Miasta Sto\u0142ecznego Warszawy.","protected":false},"author":1,"featured_media":85613,"comment_status":"open","ping_status":"closed","sticky":false,"template":"","format":"standard","meta":{"csco_display_header_overlay":false,"csco_singular_sidebar":"","csco_page_header_type":"","csco_page_load_nextpost":"","csco_post_video_location":[],"csco_post_video_location_hash":"","csco_post_video_url":"","csco_post_video_bg_start_time":0,"csco_post_video_bg_end_time":0,"footnotes":""},"categories":[9670],"tags":[],"class_list":{"0":"post-85612","1":"post","2":"type-post","3":"status-publish","4":"format-standard","5":"has-post-thumbnail","7":"category-tv","8":"cs-entry","9":"cs-video-wrap"},"_links":{"self":[{"href":"https:\/\/mediarun.com\/pl\/wp-json\/wp\/v2\/posts\/85612","targetHints":{"allow":["GET"]}}],"collection":[{"href":"https:\/\/mediarun.com\/pl\/wp-json\/wp\/v2\/posts"}],"about":[{"href":"https:\/\/mediarun.com\/pl\/wp-json\/wp\/v2\/types\/post"}],"author":[{"embeddable":true,"href":"https:\/\/mediarun.com\/pl\/wp-json\/wp\/v2\/users\/1"}],"replies":[{"embeddable":true,"href":"https:\/\/mediarun.com\/pl\/wp-json\/wp\/v2\/comments?post=85612"}],"version-history":[{"count":0,"href":"https:\/\/mediarun.com\/pl\/wp-json\/wp\/v2\/posts\/85612\/revisions"}],"wp:featuredmedia":[{"embeddable":true,"href":"https:\/\/mediarun.com\/pl\/wp-json\/wp\/v2\/media\/85613"}],"wp:attachment":[{"href":"https:\/\/mediarun.com\/pl\/wp-json\/wp\/v2\/media?parent=85612"}],"wp:term":[{"taxonomy":"category","embeddable":true,"href":"https:\/\/mediarun.com\/pl\/wp-json\/wp\/v2\/categories?post=85612"},{"taxonomy":"post_tag","embeddable":true,"href":"https:\/\/mediarun.com\/pl\/wp-json\/wp\/v2\/tags?post=85612"}],"curies":[{"name":"wp","href":"https:\/\/api.w.org\/{rel}","templated":true}]}}