{"id":85610,"date":"2005-11-09T00:56:43","date_gmt":"2005-11-08T23:56:43","guid":{"rendered":"https:\/\/mediarun.com\/index.php\/news-posts\/mecze-anwilu-wloclawek-w-tvp\/"},"modified":"2005-11-09T00:56:43","modified_gmt":"2005-11-08T23:56:43","slug":"mecze-anwilu-wloclawek-w-tvp","status":"publish","type":"post","link":"https:\/\/mediarun.com\/pl\/media\/tv\/mecze-anwilu-wloclawek-w-tvp.html","title":{"rendered":"Mecze Anwilu W\u0142oc\u0142awek w TVP"},"content":{"rendered":"<p>Terminarz nast\u0119pnych spotka\u0144 koszykarzy Anwilu we w\u0142asnej hali: <\/p>\n<p>29 listopada 2005 (wtorek) Anwil &#8211; Bipop Carire Regio Emilia (W\u0142ochy) <\/p>\n<p>20 grudnia 2005 (wtorek) Anwil &#8211; Adecco Asvel Villerbanne (Francja) <\/p>\n<p>3 stycznia 2006 (wtorek) Anwil &#8211; Demon Astronauts Amsterdam (Holandia) <\/p>\n<p>17 stycznia 2006 (wtorek) Anwil &#8211; Panionios Ateny (Grecja) <\/p>\n<p>Wspomniane spotkania maj\u0105 by\u0107 pokazywane r\u00f3wnie\u017c przez inne oddzia\u0142y TVP. Od 29 listopada relacje na \u017cywo zapowiada Telewizja Interaktywna TVP na stronie www.itvp.pl. <\/p>\n<p>Trwaj\u0105 rozmowy na temat transmisji mecz\u00f3w wyjazdowych. <\/p>\n","protected":false},"excerpt":{"rendered":"8 listopada br. Anwil W\u0142oc\u0142awek w ramach rozgrywek koszykarskiego Pucharu ULEB &#8211; uznawanych za zaplecze presti\u017cowej Euroligi &#8211; spotka si\u0119 z KK Hemofarm Vrsac (Serbia i Czarnog\u00f3ra). Mecz b\u0119d\u0105 mogli obejrze\u0107 widzowie b\u0119d\u0105cy w zasi\u0119gu nadajnika TVP3 Bydgoszcz. Pocz\u0105tek transmisji o 18.00.","protected":false},"author":1,"featured_media":85611,"comment_status":"open","ping_status":"closed","sticky":false,"template":"","format":"standard","meta":{"csco_display_header_overlay":false,"csco_singular_sidebar":"","csco_page_header_type":"","csco_page_load_nextpost":"","csco_post_video_location":[],"csco_post_video_location_hash":"","csco_post_video_url":"","csco_post_video_bg_start_time":0,"csco_post_video_bg_end_time":0,"footnotes":""},"categories":[9670],"tags":[],"class_list":{"0":"post-85610","1":"post","2":"type-post","3":"status-publish","4":"format-standard","5":"has-post-thumbnail","7":"category-tv","8":"cs-entry","9":"cs-video-wrap"},"_links":{"self":[{"href":"https:\/\/mediarun.com\/pl\/wp-json\/wp\/v2\/posts\/85610","targetHints":{"allow":["GET"]}}],"collection":[{"href":"https:\/\/mediarun.com\/pl\/wp-json\/wp\/v2\/posts"}],"about":[{"href":"https:\/\/mediarun.com\/pl\/wp-json\/wp\/v2\/types\/post"}],"author":[{"embeddable":true,"href":"https:\/\/mediarun.com\/pl\/wp-json\/wp\/v2\/users\/1"}],"replies":[{"embeddable":true,"href":"https:\/\/mediarun.com\/pl\/wp-json\/wp\/v2\/comments?post=85610"}],"version-history":[{"count":0,"href":"https:\/\/mediarun.com\/pl\/wp-json\/wp\/v2\/posts\/85610\/revisions"}],"wp:featuredmedia":[{"embeddable":true,"href":"https:\/\/mediarun.com\/pl\/wp-json\/wp\/v2\/media\/85611"}],"wp:attachment":[{"href":"https:\/\/mediarun.com\/pl\/wp-json\/wp\/v2\/media?parent=85610"}],"wp:term":[{"taxonomy":"category","embeddable":true,"href":"https:\/\/mediarun.com\/pl\/wp-json\/wp\/v2\/categories?post=85610"},{"taxonomy":"post_tag","embeddable":true,"href":"https:\/\/mediarun.com\/pl\/wp-json\/wp\/v2\/tags?post=85610"}],"curies":[{"name":"wp","href":"https:\/\/api.w.org\/{rel}","templated":true}]}}