{"id":85606,"date":"2005-11-09T01:23:55","date_gmt":"2005-11-09T00:23:55","guid":{"rendered":"https:\/\/mediarun.com\/index.php\/news-posts\/makieta-nowego-dziennika-agory\/"},"modified":"2005-11-09T01:23:55","modified_gmt":"2005-11-09T00:23:55","slug":"makieta-nowego-dziennika-agory","status":"publish","type":"post","link":"https:\/\/mediarun.com\/pl\/media\/prasa\/makieta-nowego-dziennika-agory.html","title":{"rendered":"Makieta nowego dziennika Agory"},"content":{"rendered":"<p>Pocz\u0105tkowo zesp\u00f3\u0142 polskich redaktor\u00f3w i katalo\u0144skich grafik\u00f3w wsp\u00f3\u0142tworzy\u0142 projekt w barcelo\u0144skiej siedzibie zespo\u0142u. Od kilku miesi\u0119cy Cases pracuj\u0105 w redakcji nowego dziennika. <\/p>\n<p>Ze strony Cases za projekt odpowiada Brazylijczyk Francisco Amaral, wiceszef firmy Cases i Associats. Szefow\u0105 zespo\u0142u projektant\u00f3w jest Katalonka Violeta Valle Garcia, kt\u00f3ra wcze\u015bniej projektowa\u0142a w\u0142osk\u0105 &#8222;La Stamp\u0119&#8221;, hiszpa\u0144sk\u0105 gazet\u0119 &#8222;El Periodico de Catalunya&#8221; i argenty\u0144sk\u0105 &#8222;Clarin&#8221;.<\/p>\n<p>Cases i Associats dzia\u0142a od 1990 roku. Pr\u00f3cz biura projektowego w Barcelonie ma siedziby w Buenos Aires i Miami. Graficy Cases tworzyli lub zmieniali makiety ponad 60 tytu\u0142\u00f3w prasowych w Europie i Ameryce \u0141aci\u0144skiej, m.in.: &#8222;The Independent&#8221;, &#8222;Corriere della Sera&#8221;, &#8222;La Gazetta dello Sport&#8221;. Za swoje prace zdobyli kilkadziesi\u0105t nagr\u00f3d i wyr\u00f3\u017cnie\u0144 w \u015bwiatowych konkursach. <\/p>\n<p>Dyrektorem artystycznym nowego dziennika Agory b\u0119dzie Maciej Ka\u0142kus. Wcze\u015bniej tworzy\u0142 on makiety polskiej edycja &#8222;Playboya&#8221; oraz &#8222;Newsweeka&#8221;, makiet\u0119 &#8222;Zwierciad\u0142a&#8221;, &#8222;Poradnika Domowego&#8221;, &#8222;Dziecka&#8221; i &#8222;Auto+&#8221;. W sumie autor lub wsp\u00f3\u0142autor 40 makiet kwartalnik\u00f3w, miesi\u0119cznik\u00f3w, tygodnik\u00f3w. Opracowa\u0142 te\u017c ok. 100 katalog\u00f3w dla najwybitniejszych polskich artyst\u00f3w w ramach wsp\u00f3\u0142pracy z Zach\u0119t\u0105. <\/p>\n","protected":false},"excerpt":{"rendered":"Makieta nowego dziennika Agory, kt\u00f3ry ma ukaza\u0107 si\u0119 na rynku jesieni\u0105 tego roku, powsta\u0142a we wsp\u00f3\u0142pracy z uznanym hiszpa\u0144skim zespo\u0142em Cases i Associats. Graficy Cases stworzyli m.in. layout g\u0142\u00f3wnego grzbietu dziennika. &#8222;Gazeta \u015brodka&#8221; Agory to pierwszy projekt Cases w Polsce.","protected":false},"author":1,"featured_media":85607,"comment_status":"open","ping_status":"closed","sticky":false,"template":"","format":"standard","meta":{"csco_display_header_overlay":false,"csco_singular_sidebar":"","csco_page_header_type":"","csco_page_load_nextpost":"","csco_post_video_location":[],"csco_post_video_location_hash":"","csco_post_video_url":"","csco_post_video_bg_start_time":0,"csco_post_video_bg_end_time":0,"footnotes":""},"categories":[9673],"tags":[],"class_list":{"0":"post-85606","1":"post","2":"type-post","3":"status-publish","4":"format-standard","5":"has-post-thumbnail","7":"category-prasa","8":"cs-entry","9":"cs-video-wrap"},"_links":{"self":[{"href":"https:\/\/mediarun.com\/pl\/wp-json\/wp\/v2\/posts\/85606","targetHints":{"allow":["GET"]}}],"collection":[{"href":"https:\/\/mediarun.com\/pl\/wp-json\/wp\/v2\/posts"}],"about":[{"href":"https:\/\/mediarun.com\/pl\/wp-json\/wp\/v2\/types\/post"}],"author":[{"embeddable":true,"href":"https:\/\/mediarun.com\/pl\/wp-json\/wp\/v2\/users\/1"}],"replies":[{"embeddable":true,"href":"https:\/\/mediarun.com\/pl\/wp-json\/wp\/v2\/comments?post=85606"}],"version-history":[{"count":0,"href":"https:\/\/mediarun.com\/pl\/wp-json\/wp\/v2\/posts\/85606\/revisions"}],"wp:featuredmedia":[{"embeddable":true,"href":"https:\/\/mediarun.com\/pl\/wp-json\/wp\/v2\/media\/85607"}],"wp:attachment":[{"href":"https:\/\/mediarun.com\/pl\/wp-json\/wp\/v2\/media?parent=85606"}],"wp:term":[{"taxonomy":"category","embeddable":true,"href":"https:\/\/mediarun.com\/pl\/wp-json\/wp\/v2\/categories?post=85606"},{"taxonomy":"post_tag","embeddable":true,"href":"https:\/\/mediarun.com\/pl\/wp-json\/wp\/v2\/tags?post=85606"}],"curies":[{"name":"wp","href":"https:\/\/api.w.org\/{rel}","templated":true}]}}