{"id":85605,"date":"2005-11-09T02:25:41","date_gmt":"2005-11-09T01:25:41","guid":{"rendered":"https:\/\/mediarun.com\/index.php\/news-posts\/kobiety-dyskryminowane-przez-media\/"},"modified":"2005-11-09T02:25:41","modified_gmt":"2005-11-09T01:25:41","slug":"kobiety-dyskryminowane-przez-media","status":"publish","type":"post","link":"https:\/\/mediarun.com\/pl\/media\/tv\/kobiety-dyskryminowane-przez-media.html","title":{"rendered":"Kobiety dyskryminowane przez media?"},"content":{"rendered":"<p>&#8211; Takich bada\u0144 jeszcze w Polsce nie by\u0142o. Unia Europejska da\u0142a pieni\u0105dze, a Pentor przez wiele miesi\u0119cy sprawdza\u0142, jak kobiety s\u0105 traktowane m.in. przez&#8230; media. Ankiety wype\u0142ni\u0142y 4 tys. os\u00f3b. A wnioski? Dla p\u0142ci brzydkiej zadowalaj\u0105ce, dla pi\u0119knej &#8211; niespecjalnie. To, \u017ce kobiety s\u0105 gorzej traktowane w pracy i w domu, to nic odkrywczego. Ale, jak si\u0119 okazuje, s\u0105 te\u017c dyskryminowane w gazetach, radiu i telewizji! &#8211; pisze &#8222;Gazeta Wyborcza&#8221;<\/p>\n<p>M\u0119\u017cczy\u017ani maj\u0105 przewag\u0119 nad kobietami we wszystkich mediach. Najcz\u0119\u015bciej w programach informacyjnych i sportowych. &#8211; Panowie wypowiadaj\u0105 si\u0119 jako eksperci w wa\u017cnych sprawach, tj. politycznych, spo\u0142ecznych i gospodarczych &#8211; zauwa\u017ca Magda Janus z krakowskiego Centrum Praw Kobiet. &#8211; Co ciekawe, bior\u0105 te\u017c udzia\u0142 w dyskusjach na tematy kobiece.<\/p>\n<p>&#8222;I tak mamy reklamy z pi\u0119knymi, m\u0142odymi kobietami &#8211; na oko 30-letnimi &#8211; kt\u00f3re graj\u0105 matki nastolatk\u00f3w! Pentor wyliczy\u0142 te\u017c, \u017ce co dziesi\u0105ta przedstawicielka p\u0142ci pi\u0119knej przedstawiana jest jako obiekt seksualny, maj\u0105cy wzbudza\u0107 po\u017c\u0105danie. Pomaga w tym sk\u0105py str\u00f3j: pid\u017cama, szlafrok, kusa sukienka. Media nawet nie zamierzaj\u0105 ukrywa\u0107, \u017ce seksualno\u015b\u0107 p\u0142ci pi\u0119knej to prawdziwa \u017cy\u0142a z\u0142ota, kt\u00f3ra zwi\u0119ksza ogl\u0105dalno\u015b\u0107. Najcz\u0119\u015bciej wykorzystywany stereotyp kobiety idealnej dla oka to: d\u0142ugie blond w\u0142osy, szczup\u0142a sylwetka, wiek od 20 do 39 lat. Kult wiecznej m\u0142odo\u015bci oczywi\u015bcie cz\u0119\u015bciej dotyczy kobiet ni\u017c m\u0119\u017cczyzn. Tylko 6 proc. pa\u0144 &#8222;do\u017cywa&#8221; w mediach wieku starszego ni\u017c 55 lat. Pan\u00f3w przed sze\u015b\u0107dziesi\u0105tk\u0105 jest prawie trzy razy wi\u0119cej!&#8221; &#8211; informuje &#8222;Gazeta Wyborcza&#8221;<\/p>\n","protected":false},"excerpt":{"rendered":"Jak m\u0119\u017cczyzna na ekranie, to elegancki urz\u0119dnik albo polityk. Jak kobieta, to sk\u0105po odziana blondynka, w kuchni albo w pokoju. Najnowsze badania Pentoru dowodz\u0105, \u017ce p\u0142e\u0107 pi\u0119kna jest gorzej traktowana w pracy, domu i mediach &#8211; czytamy w &#8222;Gazecie Wyborczej&#8221;","protected":false},"author":1,"featured_media":0,"comment_status":"open","ping_status":"closed","sticky":false,"template":"","format":"standard","meta":{"csco_display_header_overlay":false,"csco_singular_sidebar":"","csco_page_header_type":"","csco_page_load_nextpost":"","csco_post_video_location":[],"csco_post_video_location_hash":"","csco_post_video_url":"","csco_post_video_bg_start_time":0,"csco_post_video_bg_end_time":0,"footnotes":""},"categories":[9670],"tags":[],"class_list":{"0":"post-85605","1":"post","2":"type-post","3":"status-publish","4":"format-standard","6":"category-tv","7":"cs-entry","8":"cs-video-wrap"},"_links":{"self":[{"href":"https:\/\/mediarun.com\/pl\/wp-json\/wp\/v2\/posts\/85605","targetHints":{"allow":["GET"]}}],"collection":[{"href":"https:\/\/mediarun.com\/pl\/wp-json\/wp\/v2\/posts"}],"about":[{"href":"https:\/\/mediarun.com\/pl\/wp-json\/wp\/v2\/types\/post"}],"author":[{"embeddable":true,"href":"https:\/\/mediarun.com\/pl\/wp-json\/wp\/v2\/users\/1"}],"replies":[{"embeddable":true,"href":"https:\/\/mediarun.com\/pl\/wp-json\/wp\/v2\/comments?post=85605"}],"version-history":[{"count":0,"href":"https:\/\/mediarun.com\/pl\/wp-json\/wp\/v2\/posts\/85605\/revisions"}],"wp:attachment":[{"href":"https:\/\/mediarun.com\/pl\/wp-json\/wp\/v2\/media?parent=85605"}],"wp:term":[{"taxonomy":"category","embeddable":true,"href":"https:\/\/mediarun.com\/pl\/wp-json\/wp\/v2\/categories?post=85605"},{"taxonomy":"post_tag","embeddable":true,"href":"https:\/\/mediarun.com\/pl\/wp-json\/wp\/v2\/tags?post=85605"}],"curies":[{"name":"wp","href":"https:\/\/api.w.org\/{rel}","templated":true}]}}