{"id":85603,"date":"2005-11-09T02:29:05","date_gmt":"2005-11-09T01:29:05","guid":{"rendered":"https:\/\/mediarun.com\/index.php\/news-posts\/pis-szykuje-sie-do-przejecia-tvp\/"},"modified":"2005-11-09T02:29:05","modified_gmt":"2005-11-09T01:29:05","slug":"pis-szykuje-sie-do-przejecia-tvp","status":"publish","type":"post","link":"https:\/\/mediarun.com\/pl\/media\/tv\/pis-szykuje-sie-do-przejecia-tvp.html","title":{"rendered":"PiS szykuje si\u0119 do przej\u0119cia TVP?"},"content":{"rendered":"<p>&#8211; Sposobem na przeprowadzenie tej operacji mia\u0142oby by\u0107 obj\u0119cie firmy zarz\u0105dem komisarycznym. W\u015br\u00f3d tych pog\u0142osek pada nawet nazwisko ewentualnego komisarza Jacka Kurskiego. &#8211; donosi &#8222;Trybuna&#8221;<\/p>\n<p>Zna si\u0119 na mediach, jest ostrym pistoletem, z punktu widzenia PiS idealny kandydat do takiej czarnej roboty &#8211; powiedzia\u0142 &#8222;TRYBUNIE&#8221; pragn\u0105cy zachowa\u0107 anonimowo\u015b\u0107 rozm\u00f3wca z kr\u0119g\u00f3w zbli\u017conych do kierownictwa TVP SA. &#8211; W ci\u0105gu kilku ostatnich dni dotar\u0142y do mnie w tej sprawie g\u0142osy z kilku r\u00f3\u017cnych \u017arode\u0142. Inicjatywa w tej sprawie musia\u0142aby wyj\u015b\u0107 z Ministerstwa Skarbu Pa\u0144stwa &#8211; dodaje.<\/p>\n","protected":false},"excerpt":{"rendered":"Prezes Telewizji Polskiej Jan Dworak mo\u017ce nie doczeka\u0107 ko\u0144ca kadencji, kt\u00f3ra mija w maju przysz\u0142ego roku. Po gmachu telewizji kr\u0105\u017c\u0105 pog\u0142oski o szykowanym przez Prawo i Sprawiedliwo\u015b\u0107 skoku na TVP i wyrwaniu jej z r\u0105k Platformy Obywatelskiej. &#8211; czytamy w &#8222;Trybunie&#8221;","protected":false},"author":1,"featured_media":85604,"comment_status":"open","ping_status":"closed","sticky":false,"template":"","format":"standard","meta":{"csco_display_header_overlay":false,"csco_singular_sidebar":"","csco_page_header_type":"","csco_page_load_nextpost":"","csco_post_video_location":[],"csco_post_video_location_hash":"","csco_post_video_url":"","csco_post_video_bg_start_time":0,"csco_post_video_bg_end_time":0,"footnotes":""},"categories":[9670],"tags":[],"class_list":{"0":"post-85603","1":"post","2":"type-post","3":"status-publish","4":"format-standard","5":"has-post-thumbnail","7":"category-tv","8":"cs-entry","9":"cs-video-wrap"},"_links":{"self":[{"href":"https:\/\/mediarun.com\/pl\/wp-json\/wp\/v2\/posts\/85603","targetHints":{"allow":["GET"]}}],"collection":[{"href":"https:\/\/mediarun.com\/pl\/wp-json\/wp\/v2\/posts"}],"about":[{"href":"https:\/\/mediarun.com\/pl\/wp-json\/wp\/v2\/types\/post"}],"author":[{"embeddable":true,"href":"https:\/\/mediarun.com\/pl\/wp-json\/wp\/v2\/users\/1"}],"replies":[{"embeddable":true,"href":"https:\/\/mediarun.com\/pl\/wp-json\/wp\/v2\/comments?post=85603"}],"version-history":[{"count":0,"href":"https:\/\/mediarun.com\/pl\/wp-json\/wp\/v2\/posts\/85603\/revisions"}],"wp:featuredmedia":[{"embeddable":true,"href":"https:\/\/mediarun.com\/pl\/wp-json\/wp\/v2\/media\/85604"}],"wp:attachment":[{"href":"https:\/\/mediarun.com\/pl\/wp-json\/wp\/v2\/media?parent=85603"}],"wp:term":[{"taxonomy":"category","embeddable":true,"href":"https:\/\/mediarun.com\/pl\/wp-json\/wp\/v2\/categories?post=85603"},{"taxonomy":"post_tag","embeddable":true,"href":"https:\/\/mediarun.com\/pl\/wp-json\/wp\/v2\/tags?post=85603"}],"curies":[{"name":"wp","href":"https:\/\/api.w.org\/{rel}","templated":true}]}}