{"id":85571,"date":"2005-11-09T15:22:32","date_gmt":"2005-11-09T14:22:32","guid":{"rendered":"https:\/\/mediarun.com\/index.php\/news-posts\/nowy-dzien-w-agorze\/"},"modified":"2005-11-09T15:22:32","modified_gmt":"2005-11-09T14:22:32","slug":"nowy-dzien-w-agorze","status":"publish","type":"post","link":"https:\/\/mediarun.com\/pl\/media\/prasa\/nowy-dzien-w-agorze.html","title":{"rendered":"&#8222;Nowy dzie\u0144&#8221; w Agorze"},"content":{"rendered":"<p>Ju\u017c od poniedzia\u0142ku czytelnicy nowego dziennika b\u0119d\u0105 mogli wzi\u0105\u0107 udzia\u0142 w konkursach SMS-owych, w kt\u00f3rych do wygrania b\u0119d\u0105 m.in. samochody i telewizory.<\/p>\n<p>Wprowadzenie nowego dziennika na rynek poprzedzi\u0142a kampania teaserowa przebiegaj\u0105ca pod has\u0142em &#8222;Nadchodzi nowy dzie\u0144&#8221;. W czwartek rusza kampania wizerunkowa oraz strona internetowa dziennika: www.nowydzien.pl. Od 14 listopada na stronach serwisu publikowane b\u0119d\u0105 informacje na temat gazety &#8222;Nowy dzie\u0144&#8221; oraz wiadomo\u015bci i teksty poradnikowe.<\/p>\n<p>&#8211; &#8222;Nowy dzie\u0144&#8221; to owoc kilkumiesi\u0119cznych analiz i przygotowa\u0144, w efekcie kt\u00f3rych wypracowali\u015bmy zupe\u0142nie now\u0105 formu\u0142\u0119 na polskim rynku prasowym. Jeste\u015bmy przekonani, \u017ce dzia\u0142ania promocyjne, a przede wszystkim formu\u0142a i zawarto\u015b\u0107 pisma sprawi\u0105, \u017ce &#8222;Nowy dzie\u0144&#8221; szybko znajdzie szerokie grono wiernych czytelnik\u00f3w &#8211; m\u00f3wi Wojciech Fusek, wydawca gazety &#8222;Nowy dzie\u0144&#8221;.<\/p>\n","protected":false},"excerpt":{"rendered":"Pierwszy numer nowego dziennika Agory &#8222;Nowy dzie\u0144&#8221; uka\u017ce si\u0119 14 listopada. B\u0119dzie wydawany 6 dni w tygodniu w cenie 1 z\u0142, a w czwartki &#8211; 1,50 z\u0142. To gazeta \u015brodka i ca\u0142kowicie autorski projekt Agory. &#8211; &#8222;Nowy dzie\u0144&#8221; powsta\u0142 dzi\u0119ki niesko\u0144czonym pok\u0142adom energii i entuzjazmu zespo\u0142u, kt\u00f3ry go tworzy\u0142 &#8211; wyja\u015bnia Zbigniew B\u0105k, wiceprezes Agory odpowiedzialny za projekt.","protected":false},"author":1,"featured_media":0,"comment_status":"open","ping_status":"closed","sticky":false,"template":"","format":"standard","meta":{"csco_display_header_overlay":false,"csco_singular_sidebar":"","csco_page_header_type":"","csco_page_load_nextpost":"","csco_post_video_location":[],"csco_post_video_location_hash":"","csco_post_video_url":"","csco_post_video_bg_start_time":0,"csco_post_video_bg_end_time":0,"footnotes":""},"categories":[9673],"tags":[],"class_list":{"0":"post-85571","1":"post","2":"type-post","3":"status-publish","4":"format-standard","6":"category-prasa","7":"cs-entry","8":"cs-video-wrap"},"_links":{"self":[{"href":"https:\/\/mediarun.com\/pl\/wp-json\/wp\/v2\/posts\/85571","targetHints":{"allow":["GET"]}}],"collection":[{"href":"https:\/\/mediarun.com\/pl\/wp-json\/wp\/v2\/posts"}],"about":[{"href":"https:\/\/mediarun.com\/pl\/wp-json\/wp\/v2\/types\/post"}],"author":[{"embeddable":true,"href":"https:\/\/mediarun.com\/pl\/wp-json\/wp\/v2\/users\/1"}],"replies":[{"embeddable":true,"href":"https:\/\/mediarun.com\/pl\/wp-json\/wp\/v2\/comments?post=85571"}],"version-history":[{"count":0,"href":"https:\/\/mediarun.com\/pl\/wp-json\/wp\/v2\/posts\/85571\/revisions"}],"wp:attachment":[{"href":"https:\/\/mediarun.com\/pl\/wp-json\/wp\/v2\/media?parent=85571"}],"wp:term":[{"taxonomy":"category","embeddable":true,"href":"https:\/\/mediarun.com\/pl\/wp-json\/wp\/v2\/categories?post=85571"},{"taxonomy":"post_tag","embeddable":true,"href":"https:\/\/mediarun.com\/pl\/wp-json\/wp\/v2\/tags?post=85571"}],"curies":[{"name":"wp","href":"https:\/\/api.w.org\/{rel}","templated":true}]}}