{"id":85570,"date":"2005-11-09T15:27:15","date_gmt":"2005-11-09T14:27:15","guid":{"rendered":"https:\/\/mediarun.com\/index.php\/news-posts\/swieto-niepodleglosci-w-radiu\/"},"modified":"2005-11-09T15:27:15","modified_gmt":"2005-11-09T14:27:15","slug":"swieto-niepodleglosci-w-radiu","status":"publish","type":"post","link":"https:\/\/mediarun.com\/pl\/media\/radio\/swieto-niepodleglosci-w-radiu.html","title":{"rendered":"\u015awi\u0119to Niepodleg\u0142o\u015bci w radiu"},"content":{"rendered":"<p><B>Tr\u00f3jka<\/B><br \/>\nW pi\u0119tek na antenie Tr\u00f3jki w pasmach prowadzonych kolejno przez Piotra Barona, Kub\u0119 Strzyczkowskiego, Mariusza Rokosa oraz Roberta Kantereita pojawi si\u0119 specjalny cykl pod has\u0142em &#8222;Lista polskich sukces\u00f3w &#8211; podsumowanie roczne&#8221;.<\/p>\n<p>W ci\u0105gu ca\u0142ego dnia przedstawionych zostanie wiele buduj\u0105cych przyk\u0142ad\u00f3w dotycz\u0105cych prze\u0142omowych wydarze\u0144, unikalnych produkt\u00f3w, dziedzin nauki, czy sztuki, kt\u00f3re wyr\u00f3\u017cniaj\u0105 Polsk\u0119 na arenie mi\u0119dzynarodowej. Przypomniane zostan\u0105 polskie sukcesy ostatniego roku, mi\u0119dzy innymi: nagroda Oskara dla Jana A. P. Kaczmarka, obchody 25lecia Solidarno\u015bci, oraz koncert J.M. Jarre&#8217;a, mistrzostwo Europy siatkarek, polski wk\u0142ad w Pomara\u0144czow\u0105 Rewolucj\u0119, a tak\u017ce osi\u0105gni\u0119cia mniej nag\u0142a\u015bniane, cho\u0107 bardzo istotne, jak \u015bwiatowe sukcesy projektantki mody &#8211; Anny Kuczy\u0144skiej czy zwyci\u0119stwo student\u00f3w Uniwersytetu Warszawskiego w mi\u0119dzynarodowym konkursie programistycznym.<\/p>\n<p>Tu\u017c po &#8222;Li\u015bcie polskich sukces\u00f3w&#8221;, o 18 specjalne \u015bwi\u0105teczne wydanie &#8222;Listy przeboj\u00f3w Tr\u00f3jki&#8221;, na kt\u00f3r\u0105 zaprasza Marek Nied\u017awiecki.<\/p>\n<p><B>Dw\u00f3jka<\/B><br \/>\nSpecjalna oferta muzyczna w Dw\u00f3jce rozpocznie si\u0119 o godzinie 10 &#8222;Koncertem sprzed lat&#8221; w wykonaniu Orkiestry Symfonicznej Filharmonii Narodowej pod dyrekcj\u0105 Witolda Rowickiego. Tego dnia zaprezentowane zostan\u0105 polskie pie\u015bni historyczne \u015bpiewane przez Ch\u00f3r Polskiego Radia (godz. 11.30). W audycji El\u017cbiety Gry\u0144-Stasik pt. &#8222;Pejza\u017c polski&#8221; znajdzie si\u0119 tak\u017ce liryka ch\u00f3ralna Henryka Miko\u0142aja G\u00f3reckiego (godz. 12.35) oraz liryka Feliksa Nowowiejskiego (godz. 15). S\u0142uchaczom zostanie przypomniany recital fortepianowy Witolda Ma\u0142cu\u017cy\u0144skiego wykonany w Sali Senatorskiej Zamku na Wawelu 16 lutego 1959 r. (godz. 13.05). O godz. 19 Dw\u00f3jka zaprasza na transmisj\u0119 z koncertu &#8222;Polonia Semper Fidelis&#8221; odbywaj\u0105cego si\u0119 w ramach I Festiwalu Muzyki Polskiej w Krakowie w wykonaniu Polskiej Orkiestry Radiowej pod dyrekcj\u0105 Jerzego Maksymiuka.<\/p>\n<p>Dw\u00f3jka przygotowa\u0142a r\u00f3wnie\u017c ofert\u0119 literacko &#8211; publicystyczn\u0105. &#8222;Kochankowie z masakr\u0105 w tle&#8221; &#8211; to tytu\u0142 audycji Hanny Marii Gizy z udzia\u0142em prof. Marii Poprz\u0119ckiej na temat dzie\u0142a Jana Matejki &#8222;Kazanie Skargi&#8221;, kt\u00f3ra zostanie nadana o godzinie 9.45. O trudnym darze niepodleg\u0142o\u015bci, ludziach i zdarzeniach rozmawia\u0107 b\u0119dzie Hanna Maria Giza z autorem ksi\u0105\u017cki pt. &#8222;Gorzka chwa\u0142a. Polska i jej los 1918-1939&#8243; Richardem M. Wattem oraz polskimi historykami m.in. prof. Andrzejem Ajnenkielem (godz. 16.05-17). S\u0142uchowisko pt. &#8222;Zagubieni w historii&#8221; wg. &#8222;S\u0142awy i chwa\u0142y&#8221; Jaros\u0142awa Iwaszkiewicza, w adaptacji Bogumi\u0142y Prz\u0105dki przedstawione zostanie w dw\u00f3ch cz\u0119\u015bciach o godz. 18.00 i o godz. 22.00.<\/p>\n<p><B>Jedynka<\/B><br \/>\nW zwi\u0105zku ze zbli\u017caj\u0105cym si\u0119 &#8222;\u015awi\u0119tem Niepodleg\u0142o\u015bci&#8221; Jedynka przygotowa\u0142a szereg audycji o tematyce patriotycznej. Ju\u017c od p\u00f3\u0142nocy, przez trzy godziny, w  cyklu &#8222;Nocne spotkania&#8221; &#8211; audycja &#8222;B\u00f3g, honor, Ojczyzna&#8221;. Go\u015b\u0107mi El\u017cbiety Mamos b\u0119d\u0105: Hanna Baltyn &#8211; historyk literatury, Zbigniew Gluza &#8211; szef o\u015brodka &#8222;Karta&#8221;. W audycji &#8222;Kiermasz pod kogutkiem&#8221; (godzi. 3.04 do 5.30) poruszone zostan\u0105 m.in. smutne wesela na Kurpiach czy walka o polsko\u015b\u0107 na Kaszubach i pie\u015bni wojenkowe. Audycj\u0119 poprowadzi Ma\u0142gorzata J\u0119druch.<\/p>\n<p>Gospodarzem porannej audycji &#8222;Sygna\u0142y dnia&#8221; (godz. 5.30 &#8211; 9) b\u0119dzie Wies\u0142aw Molak. W programie m.in. \u015bwiat i Europa w dniu zako\u0144czenia Wielkiej Wojny, polscy politycy w 20-leciu czy te\u017c wspomnienia ostatnich \u017cywych \u015bwiadk\u00f3w historii. Mi\u0119dzy godzin\u0105 9, a 10 transmisja mszy \u015bwi\u0119tej z Bazyliki \u015awi\u0119tego Krzy\u017ca w Warszawie.<\/p>\n<p>P\u00f3\u017aniej na antenie Jedynki pojawi si\u0119 specjalne wydanie magazynu &#8222;Cztery pory roku&#8221;, kt\u00f3ry poprowadzi Marta Kielczyk. W programie m. in.: Czy potrzebujemy bohater\u00f3w narodowych? Czy poj\u0119cie wzorca, autorytetu si\u0119 zdewaluowa\u0142o? &#8211; odpowiedzi na te pytania udzieli go\u015b\u0107 audycji &#8211; Szymon Ho\u0142ownia. W magazynie &#8222;Z kraju i ze \u015bwiata&#8221; (godz. 11.55 &#8211; 13) transmisja uroczysto\u015bci \u015awi\u0119ta Niepodleg\u0142o\u015bci z Pl. Pi\u0142sudskiego w Warszawie.<\/p>\n<p>Od godziny 13.05 do 16 &#8222;Muzyczn\u0105 Jedynk\u0119&#8221; poprowadzi Maria Szab\u0142owska. Nast\u0119pnie w popo\u0142udni\u00f3wce &#8222;Z pierwszej r\u0119ki&#8221; (godz. 16 &#8211; 18.45) m.in. kalendarium niepodleg\u0142o\u015bci w pigu\u0142ce czy patriotyzm wczoraj i dzi\u015b. Audycj\u0119 poprowadzi Kacper Kaliszewski.<\/p>\n<p>W cyklu &#8222;Wiecz\u00f3r z Jedynk\u0105&#8221; (godz. 19.08 &#8211; 22) &#8211; &#8222;Wolno\u015b\u0107&#8221; w literaturze polskiej po 1918 roku &#8211; prowadzenie Micha\u0142 Montowski. Go\u015b\u0107mi audycji b\u0119d\u0105: dr Marek Gumkowski, Jan Gondowicz &#8211; historycy literatury. Od 19.15 &#8211; audycja dokumentalna Barbary Grebeckiej &#8222;Wracaj\u0105 jak ptaki&#8221;. Natomiast o godzinie 21.07 w Teatrze Polskiego Radia &#8211; Scena klasyki &#8211; Angologia poezji patriotycznej &#8211; &#8222;T\u0119sknota za krajem&#8221; &#8211; w re\u017cyserii Janusza Kuku\u0142y.<\/p>\n<p><B>Radio Alfa z Krakowa<\/B><br \/>\nJu\u017c po raz trzeci, 11-go listopada Radio Alfa prezentowa\u0107 b\u0119dzie przez 24 godziny tylko polskie utwory. W ten dzie\u0144 zostanie zmieniona r\u00f3wnie\u017c ram\u00f3wka. Jak co roku, stacja o \u00f3smej rano rozpocznie program od nadania Hymnu Polskiego.<\/p>\n<p>G\u0142\u00f3wnym punktem dnia b\u0119dzie specjalny blok &#8222;Sto po polsku&#8221; zawieraj\u0105cy sto najwa\u017cniejszych i najwi\u0119kszych utwor\u00f3w w historii polskiej muzyki. Nie zabraknie przeboj\u00f3w, a tak\u017ce hymn\u00f3w pokole\u0144. B\u0119d\u0105 te\u017c prekursorzy gatunk\u00f3w, kt\u00f3re rozwija\u0142y si\u0119 na przestrzeni ostatnich dziesi\u0119cioleci. Zaprezentowani zostan\u0105 wielcy arty\u015bci z ogromnym dorobkiem estradowym, jak r\u00f3wnie\u017c wykonawcy maj\u0105cy zaledwie jeden przeb\u00f3j na swoim koncie. W programie nie zabraknie ciekawostek sprzed lat, anegdot i kr\u00f3tkich biogram\u00f3w. W studiu pojawi\u0105 si\u0119 r\u00f3wnie\u017c go\u015bcie, kt\u00f3rzy zaprezentuj\u0105 swoj\u0105 tr\u00f3jk\u0119 kultowych nagra\u0144. R\u00f3wnie\u017c i s\u0142uchacze b\u0119d\u0105 mieli mo\u017cliwo\u015b\u0107 zaprezentowania swoich wspomnie\u0144 odnosz\u0105cych si\u0119 do polskich utwor\u00f3w.<\/p>\n<p>W przerwie pasma, od trzynastej prosto z krakowskiego Rynku, stacja nada program publicystyczny Wojciecha Jaworskiego z udzia\u0142em polityk\u00f3w. W takim dniu jak 11 listopada nie zabraknie w programie wa\u017cnych pyta\u0144 dotycz\u0105cych nie tylko samego Krakowa, ale i Polski. <\/p>\n<p>Po sporej dawce publicystyki, na anten\u0119 powr\u00f3ci pasmo &#8222;Sto po polsku&#8221;. Utwory wielkich i ma\u0142ych artyst\u00f3w, nagrania archiwalne i koncertowe zostan\u0105 zaprezentowane w pa\u015bmie &#8222;Muzyczne rarytasy&#8221; mi\u0119dzy siedemnast\u0105 a dwudziest\u0105. Natomiast po dwudziestej jak zawsze w pi\u0105tek na antenie zago\u015bci &#8222;Klubokawiarnia Radia Alfa&#8221;, gdzie znajd\u0105 si\u0119 najlepsze utwory z prywatek z lat siedemdziesi\u0105tych i osiemdziesi\u0105tych.<\/p>\n<p><B>Radio Tok FM<\/B><br \/>\nZ okazji \u015awi\u0119ta Nieodleg\u0142o\u015bci Ewa Podolska w Radiu Tok FM zaproponuje s\u0142uchaczom specjalny program po\u015bwi\u0119cony tradycjom obchodzenia tego \u015bwi\u0119ta. Mi\u0119dzy godzin\u0105 8, a 9 w studiu rozg\u0142o\u015bni spotkaj\u0105 si\u0119 przedstawiciele dw\u00f3ch pokole\u0144, 90-letni lekarz i kombatant Jan Gli\u0144ski oraz 20-letni Kajetan Ostrowski. Go\u015bcie b\u0119d\u0105 konfrontowa\u0107 swoje pogl\u0105dy o autorytetach i patriotyzmie. Od godziny 9 przez dwie godziny Ewa Podolska b\u0119dzie rozmawia\u0142a o muzycznych tradycjach niepodleg\u0142o\u015bciowych w Polsce. W rozmowie we\u017amie udzia\u0142 Boles\u0142aw Szulia &#8211; wieloletni kierownik artystyczny Reprezentacyjnego Zespo\u0142u Artystycznego Wojska Polskiego. Dla s\u0142uchaczy b\u0119dzie zorganizowany konkurs na piosenk\u0119 patriotyczn\u0105, w kt\u00f3rym b\u0119dzie mo\u017cna wygra\u0107 atrakcyjne nagrody. Mi\u0119dzy 11, a 12 socjolog Robert Sobiech opowie o tym, dlaczego mimo wszystko nie potrafimy lub nie chcemy tego dnia \u015bwi\u0119towa\u0107.<\/p>\n<p><B>Radio Kampus<\/B><br \/>\nW akademickim Radiu Kampus przez ca\u0142y dzie\u0144 15 minut po i przed ka\u017cd\u0105 godzin\u0105 pojawi si\u0119 &#8222;Powr\u00f3t do przesz\u0142o\u015bci&#8221;, czyli kr\u00f3tkie formy przybli\u017caj\u0105ce wydarzenia z przesz\u0142o\u015bci. Rozmowy o 11 listopada zagoszcz\u0105 w audycji &#8222;Historia w pigu\u0142ce&#8221;.<\/p>\n","protected":false},"excerpt":{"rendered":"W dniu \u015awi\u0119ta Niepodleg\u0142o\u015bci stacje radiowe  przygotowa\u0142y specjalne programy. Na antenie radiowej Jedynki pojawi\u0105 si\u0119 wspomnienia sprzed lat oraz rozmowy o naszej historii. Tr\u00f3jka z kolei, jak wyja\u015bnia w komunikacie, podaruje s\u0142uchaczom solidn\u0105 dawk\u0119 optymizmu. Radio Alfa z Krakowa gra\u0107 b\u0119dzie jedynie polsk\u0105 muzyk\u0119.","protected":false},"author":1,"featured_media":0,"comment_status":"open","ping_status":"closed","sticky":false,"template":"","format":"standard","meta":{"csco_display_header_overlay":false,"csco_singular_sidebar":"","csco_page_header_type":"","csco_page_load_nextpost":"","csco_post_video_location":[],"csco_post_video_location_hash":"","csco_post_video_url":"","csco_post_video_bg_start_time":0,"csco_post_video_bg_end_time":0,"footnotes":""},"categories":[9672],"tags":[],"class_list":{"0":"post-85570","1":"post","2":"type-post","3":"status-publish","4":"format-standard","6":"category-radio","7":"cs-entry","8":"cs-video-wrap"},"_links":{"self":[{"href":"https:\/\/mediarun.com\/pl\/wp-json\/wp\/v2\/posts\/85570","targetHints":{"allow":["GET"]}}],"collection":[{"href":"https:\/\/mediarun.com\/pl\/wp-json\/wp\/v2\/posts"}],"about":[{"href":"https:\/\/mediarun.com\/pl\/wp-json\/wp\/v2\/types\/post"}],"author":[{"embeddable":true,"href":"https:\/\/mediarun.com\/pl\/wp-json\/wp\/v2\/users\/1"}],"replies":[{"embeddable":true,"href":"https:\/\/mediarun.com\/pl\/wp-json\/wp\/v2\/comments?post=85570"}],"version-history":[{"count":0,"href":"https:\/\/mediarun.com\/pl\/wp-json\/wp\/v2\/posts\/85570\/revisions"}],"wp:attachment":[{"href":"https:\/\/mediarun.com\/pl\/wp-json\/wp\/v2\/media?parent=85570"}],"wp:term":[{"taxonomy":"category","embeddable":true,"href":"https:\/\/mediarun.com\/pl\/wp-json\/wp\/v2\/categories?post=85570"},{"taxonomy":"post_tag","embeddable":true,"href":"https:\/\/mediarun.com\/pl\/wp-json\/wp\/v2\/tags?post=85570"}],"curies":[{"name":"wp","href":"https:\/\/api.w.org\/{rel}","templated":true}]}}