{"id":85557,"date":"2005-11-09T23:49:00","date_gmt":"2005-11-09T22:49:00","guid":{"rendered":"https:\/\/mediarun.com\/index.php\/news-posts\/obywatele-ue-chca-wspolnej-polityki-miedzynarodowej\/"},"modified":"2005-11-09T23:49:00","modified_gmt":"2005-11-09T22:49:00","slug":"obywatele-ue-chca-wspolnej-polityki-miedzynarodowej","status":"publish","type":"post","link":"https:\/\/mediarun.com\/pl\/trendy\/branding\/obywatele-ue-chca-wspolnej-polityki-miedzynarodowej.html","title":{"rendered":"Obywatele UE chc\u0105 wsp\u00f3lnej polityki mi\u0119dzynarodowej"},"content":{"rendered":"<p>. Jednocze\u015bnie zdecydowana wi\u0119kszo\u015b\u0107 (82%) jest zdania, \u017ce stanowisko Unii powinno by\u0107 niezale\u017cne od polityki zagranicznej Stan\u00f3w Zjednoczonych &#8211; wynika z badania Eurobarometr przeprowadzonego dla Komisji Europejskiej przez TNS Opinion &#038; Social, b\u0119d\u0105cy jednym z sektor\u00f3w mi\u0119dzynarodowej grupy badawczej TNS, do kt\u00f3rej nale\u017cy tak\u017ce polska firma TNS OBOP. Opinie te s\u0105 popierane r\u00f3wnie\u017c przez zdecydowan\u0105 wi\u0119kszo\u015b\u0107 Polak\u00f3w &#8211; odpowiednio 85% i 84% ankietowanych. <\/p>\n<p>Jak wynika z badania, nast\u0105pi\u0142 niewielki wzrost poparcia koncepcji, zgodnie z kt\u00f3r\u0105 Unia Europejska powinna posiada\u0107 swojego ministra spraw zagranicznych, b\u0119d\u0105cego rzecznikiem wsp\u00f3lnego stanowiska kraj\u00f3w cz\u0142onkowskich. Odsetek zwolennik\u00f3w tego pomys\u0142u wzr\u00f3s\u0142 z 63% jesieni\u0105 2003 roku do 67% w ostatniej edycji badania. <\/p>\n<p>Zdecydowana wi\u0119kszo\u015b\u0107 respondent\u00f3w (68%) uwa\u017ca, \u017ce Unia powinna mie\u0107 si\u0142y szybkiego reagowania, kt\u00f3re mog\u0105 by\u0107 wys\u0142ane w miejsce konfliktu w momencie pojawienia si\u0119 mi\u0119dzynarodowego kryzysu, cho\u0107 liczba wspieraj\u0105cych takie rozwi\u0105zanie zmala\u0142a od jesieni 2004 o trzy punkty procentowe. Podobne poparcie (69%) znajduje koncepcja, zgodnie z kt\u00f3r\u0105 przedstawiciel UE powinien zasiada\u0107 w Radzie Bezpiecze\u0144stwa Organizacji Narod\u00f3w Zjednoczonych. W\u015br\u00f3d polskich respondent\u00f3w obie koncepcje znajduj\u0105 jeszcze wi\u0119ksze poparcie &#8211; istnienie si\u0142 szybkiego reagowania popiera 78%, za\u015b posiadanie przedstawiciela Unii w ONZ 73% Polak\u00f3w.<\/p>\n<p>&#8222;Pomimo r\u00f3\u017cnic zda\u0144 przyw\u00f3dc\u00f3w poszczeg\u00f3lnych kraj\u00f3w Unii Europejskiej w kwestii polityki mi\u0119dzynarodowej, opinia publiczna jest zgodna, \u017ce Europa powinna zacie\u015bni\u0107 wsp\u00f3\u0142prac\u0119 i uniezale\u017cni\u0107 podejmowanie decyzji od polityki Stan\u00f3w Zjednoczonych. Jednak\u017ce, w licz\u0105cej 25 kraj\u00f3w cz\u0142onkowskich i rozwa\u017caj\u0105cej przyj\u0119cie kolejnych pa\u0144stw Unii Europejskiej, osi\u0105gni\u0119cie konsensusu w kwestiach politycznych jest trudne do zrealizowania&#8221; &#8211; powiedzia\u0142a Marita Carballo, prezes TNS Polling &#038; Social. <\/p>\n<p>Opinie mieszka\u0144c\u00f3w poszczeg\u00f3lnych pa\u0144stw cz\u0142onkowskich r\u00f3\u017cni\u0105 si\u0119 w sprawie wsp\u00f3lnego stanowiska unijnego w kwestii wa\u017cnych wydarze\u0144 politycznych. W\u015br\u00f3d nowych cz\u0142onk\u00f3w wsp\u00f3lnoty europejskiej panuje wi\u0119ksza zgoda odno\u015bnie konieczno\u015bci wypracowania wsp\u00f3lnego stanowiska UE dotycz\u0105cego bezpiecze\u0144stwa i polityki zagranicznej, ni\u017c w opinii dawnej &#8222;pi\u0119tnastki&#8221;. W Polsce tak\u0105 koncepcj\u0119 popiera a\u017c 85% respondent\u00f3w, podczas gdy nie zgadza si\u0119 z ni\u0105 zaledwie 5% badanych. Cypryjczycy i Czesi s\u0105 prawie jednomy\u015blni w kwestii wsp\u00f3lnego stanowiska Unii w przypadku kryzysu mi\u0119dzynarodowego odpowiednio &#8211; 96% i 92% spo\u015br\u00f3d nich popiera tak\u0105 koncepcj\u0119. Pomys\u0142 ten znajduje nieco mniejsze poparcie w\u015br\u00f3d Irlandczyk\u00f3w (73%) i Du\u0144czyk\u00f3w (74%). O\u015bmiu na dziesi\u0119ciu mieszka\u0144c\u00f3w Cypru, Belgii i S\u0142owenii oraz siedmiu na dziesi\u0119ciu Polak\u00f3w (72%) uwa\u017ca, \u017ce Unia Europejska powinna mie\u0107 swojego ministra spraw zagranicznych, podczas gdy 52% Du\u0144czyk\u00f3w i 48% Szwed\u00f3w jest przeciwnego zdania. <\/p>\n","protected":false},"excerpt":{"rendered":"O\u015bmiu na dziesi\u0119ciu Europejczyk\u00f3w (83 proc.) uwa\u017ca, \u017ce w przypadku pojawienia si\u0119 mi\u0119dzynarodowego kryzysu pa\u0144stwa cz\u0142onkowskie Unii Europejskiej powinny prezentowa\u0107 wsp\u00f3lne stanowisko.","protected":false},"author":1,"featured_media":0,"comment_status":"open","ping_status":"closed","sticky":false,"template":"","format":"standard","meta":{"csco_display_header_overlay":false,"csco_singular_sidebar":"","csco_page_header_type":"","csco_page_load_nextpost":"","csco_post_video_location":[],"csco_post_video_location_hash":"","csco_post_video_url":"","csco_post_video_bg_start_time":0,"csco_post_video_bg_end_time":0,"footnotes":""},"categories":[9658],"tags":[],"class_list":{"0":"post-85557","1":"post","2":"type-post","3":"status-publish","4":"format-standard","6":"category-branding","7":"cs-entry","8":"cs-video-wrap"},"_links":{"self":[{"href":"https:\/\/mediarun.com\/pl\/wp-json\/wp\/v2\/posts\/85557","targetHints":{"allow":["GET"]}}],"collection":[{"href":"https:\/\/mediarun.com\/pl\/wp-json\/wp\/v2\/posts"}],"about":[{"href":"https:\/\/mediarun.com\/pl\/wp-json\/wp\/v2\/types\/post"}],"author":[{"embeddable":true,"href":"https:\/\/mediarun.com\/pl\/wp-json\/wp\/v2\/users\/1"}],"replies":[{"embeddable":true,"href":"https:\/\/mediarun.com\/pl\/wp-json\/wp\/v2\/comments?post=85557"}],"version-history":[{"count":0,"href":"https:\/\/mediarun.com\/pl\/wp-json\/wp\/v2\/posts\/85557\/revisions"}],"wp:attachment":[{"href":"https:\/\/mediarun.com\/pl\/wp-json\/wp\/v2\/media?parent=85557"}],"wp:term":[{"taxonomy":"category","embeddable":true,"href":"https:\/\/mediarun.com\/pl\/wp-json\/wp\/v2\/categories?post=85557"},{"taxonomy":"post_tag","embeddable":true,"href":"https:\/\/mediarun.com\/pl\/wp-json\/wp\/v2\/tags?post=85557"}],"curies":[{"name":"wp","href":"https:\/\/api.w.org\/{rel}","templated":true}]}}