{"id":85554,"date":"2005-11-09T23:53:04","date_gmt":"2005-11-09T22:53:04","guid":{"rendered":"https:\/\/mediarun.com\/index.php\/news-posts\/dlugodystansowa-automapa\/"},"modified":"2005-11-09T23:53:04","modified_gmt":"2005-11-09T22:53:04","slug":"dlugodystansowa-automapa","status":"publish","type":"post","link":"https:\/\/mediarun.com\/pl\/trendy\/branding\/dlugodystansowa-automapa.html","title":{"rendered":"D\u0142ugodystansowa AutoMapa"},"content":{"rendered":"<p>AutoMapa&reg; zosta\u0142a sponsorem dru\u017cyny ENTRE.PL Team podczas XVII Biegu Niepodleg\u0142o\u015bci  w Warszawie, kt\u00f3ry tradycyjnie odb\u0119dzie si\u0119 11 listopada w \u015awi\u0119to Niepodleg\u0142o\u015bci. Na t\u0119 jedn\u0105  z najs\u0142ynniejszych krajowych imprez sportowych jak co roku zjedzie si\u0119 ca\u0142a biegaj\u0105ca Polska.<\/p>\n<p>W biegu we\u017amie udzia\u0142 \u015bcis\u0142a czo\u0142\u00f3wka zawodnik\u00f3w ENTRE.PL Teamu, kt\u00f3ry w sezonie 2004\/2005 zdoby\u0142 Grand Prix Warszawy. Wystartuj\u0105 m.in.: Rados\u0142aw Dudycz &#8211; aktualny wicemistrz Polski w Maratonie, Pawe\u0142 Ochal &#8211; m\u0142odzie\u017cowy Mistrz Europy w biegu na 10 km, wicemistrz Polski w P\u00f3\u0142maratonie, Marcin Kufel &#8211; zwyci\u0119zca Cracovia P\u00f3\u0142maraton 2005 (I klasa sportowa) oraz Katarzyna Dziwosz &#8211; kadra Polski marato\u0144czyk\u00f3w na olimpiad\u0119 w Pekinie.<\/p>\n<p>&#8222;W przeciwie\u0144stwie do typowych imprez sportowych, Bieg Niepodleg\u0142o\u015bci w Warszawie jest zorganizowany g\u0142\u00f3wnie dla warto\u015bci samego uczestnictwa. Nawet przez przebiegni\u0119cie odcinka kr\u00f3tszego ni\u017c d\u0142ugo\u015b\u0107<br \/>\n trasy, zawodnicy wyra\u017caj\u0105 swoj\u0105 pami\u0119\u0107 o dniu uzyskania przez Polsk\u0119 Niepodleg\u0142o\u015bci&#8221; &#8211; m\u00f3wi Andrzej Chomczyk, prezes firmy Entre.pl.<\/p>\n<p>Bieg Niepodleg\u0142o\u015bci w Warszawie jest imprez\u0105 masow\u0105, gromadz\u0105c\u0105 opr\u00f3cz du\u017cej liczby zawodnik\u00f3w, tysi\u0105ce kibic\u00f3w na ca\u0142ej trasie Traktu Kr\u00f3lewskiego b\u0119d\u0105cego aren\u0105 zawod\u00f3w. W ubieg\u0142ym roku w Biegu wzi\u0119\u0142y udzia\u0142 1303 osoby. W pi\u0105tek, z Placu Zamkowego wystartuj\u0105 zar\u00f3wno profesjonalni biegacze, jak i amatorzy. Impreza jest ca\u0142kowicie otwarta i gromadzi biegaczy r\u00f3\u017cnych pokole\u0144.<\/p>\n","protected":false},"excerpt":{"rendered":"Najlepszy amatorski klub d\u0142ugodystansowc\u00f3w w Warszawie &#8211; ENTRE.PL Team, wystartuje\nw warszawskim Biegu Niepodleg\u0142o\u015bci w barwach AutoMapy&reg; &#8211; najpopularniejszego w Polsce systemu do nawigacji satelitarnej.","protected":false},"author":1,"featured_media":0,"comment_status":"open","ping_status":"closed","sticky":false,"template":"","format":"standard","meta":{"csco_display_header_overlay":false,"csco_singular_sidebar":"","csco_page_header_type":"","csco_page_load_nextpost":"","csco_post_video_location":[],"csco_post_video_location_hash":"","csco_post_video_url":"","csco_post_video_bg_start_time":0,"csco_post_video_bg_end_time":0,"footnotes":""},"categories":[9658],"tags":[],"class_list":{"0":"post-85554","1":"post","2":"type-post","3":"status-publish","4":"format-standard","6":"category-branding","7":"cs-entry","8":"cs-video-wrap"},"_links":{"self":[{"href":"https:\/\/mediarun.com\/pl\/wp-json\/wp\/v2\/posts\/85554","targetHints":{"allow":["GET"]}}],"collection":[{"href":"https:\/\/mediarun.com\/pl\/wp-json\/wp\/v2\/posts"}],"about":[{"href":"https:\/\/mediarun.com\/pl\/wp-json\/wp\/v2\/types\/post"}],"author":[{"embeddable":true,"href":"https:\/\/mediarun.com\/pl\/wp-json\/wp\/v2\/users\/1"}],"replies":[{"embeddable":true,"href":"https:\/\/mediarun.com\/pl\/wp-json\/wp\/v2\/comments?post=85554"}],"version-history":[{"count":0,"href":"https:\/\/mediarun.com\/pl\/wp-json\/wp\/v2\/posts\/85554\/revisions"}],"wp:attachment":[{"href":"https:\/\/mediarun.com\/pl\/wp-json\/wp\/v2\/media?parent=85554"}],"wp:term":[{"taxonomy":"category","embeddable":true,"href":"https:\/\/mediarun.com\/pl\/wp-json\/wp\/v2\/categories?post=85554"},{"taxonomy":"post_tag","embeddable":true,"href":"https:\/\/mediarun.com\/pl\/wp-json\/wp\/v2\/tags?post=85554"}],"curies":[{"name":"wp","href":"https:\/\/api.w.org\/{rel}","templated":true}]}}